{"id":2350,"date":"2024-03-22T15:22:06","date_gmt":"2024-03-22T18:22:06","guid":{"rendered":"https:\/\/noticiasregionais.com.br\/?p=2350"},"modified":"2024-03-22T15:22:08","modified_gmt":"2024-03-22T18:22:08","slug":"prf-e-dise-de-marilia-prendem-7-por-trafico-de-drogas-em-operacao-conjunta","status":"publish","type":"post","link":"https:\/\/noticiasregionais.com.br\/?p=2350","title":{"rendered":"PRF e DISE de Mar\u00edlia prendem 7 por tr\u00e1fico de drogas em Opera\u00e7\u00e3o Conjunta"},"content":{"rendered":"\n<p class=\"has-text-align-center\"><strong>Em opera\u00e7\u00e3o coordenada entre a Pol\u00edcia Rodovi\u00e1ria Federal (PRF) e a Delegacia de Investiga\u00e7\u00f5es Sobre Entorpecentes (DISE) de Marilia resultou na pris\u00e3o de 7 pessoas.<\/strong><\/p>\n\n\n\n<p>As equipes que acompanhavam 2 ve\u00edculos vindos de Foz do Igua\u00e7u\/PR, um Toyota Corolla e um VW SpaceFox, ambos com placas de Mar\u00edlia\/SP, que demonstravam estarem viajando juntos, interceptaram os ve\u00edculos na SP333 na altura do KM315, durante a abordagem, por volta das 09h40 no dia de hoje, ao verificarem no interior do ve\u00edculo foram encontrados diversos produtos de origem estrangeira sem o devido desembara\u00e7o aduaneiro, como bebidas, perfumes e eletr\u00f4nicos. Ap\u00f3s uma confer\u00eancia minuciosa foram encontrados em torno de 30 frascos de anabolizantes no meio da carga, que por si s\u00f3 j\u00e1 caracterizava crime de tr\u00e1fico.<\/p>\n\n\n\n<p>Entretanto a ocorr\u00eancia n\u00e3o parou por aqui, ap\u00f3s a confirma\u00e7\u00e3o do delito, em revista pessoal aos ocupantes dos ve\u00edculos verificou-se que 4 deles escondiam dentro dos cal\u00e7ados por\u00e7\u00f5es de maconha, totalizando aproximadamente 2 kg.<\/p>\n\n\n\n<p>Diante dos fatos, e ap\u00f3s confirma\u00e7\u00e3o que os dois ve\u00edculos viajavam juntos, tanto os ve\u00edculos quanto os 7 suspeitos foram encaminhados para a Delegacia de Investiga\u00e7\u00f5es Sobre Entorpecentes de Mar\u00edlia, onde est\u00e3o sendo tomadas as provid\u00eancias legais cab\u00edveis.<\/p>\n\n\n\n<p>A colabora\u00e7\u00e3o entre a PRF e a DISE nesta opera\u00e7\u00e3o refor\u00e7a a import\u00e2ncia da integra\u00e7\u00e3o entre diferentes \u00f3rg\u00e3os no combate ao tr\u00e1fico de drogas e outros crimes\u00a0relacionados.<\/p>\n\n\n\n<figure class=\"wp-block-gallery has-nested-images columns-default is-cropped wp-block-gallery-1 is-layout-flex wp-block-gallery-is-layout-flex\">\n<figure class=\"wp-block-image size-large\"><img decoding=\"async\" width=\"768\" height=\"1024\" data-id=\"2352\" src=\"https:\/\/noticiasregionais.com.br\/wp-content\/uploads\/2024\/03\/Imagem-do-WhatsApp-de-2024-03-22-as-15.08.50_c1212605.jpg\" alt=\"\" class=\"wp-image-2352\" srcset=\"https:\/\/noticiasregionais.com.br\/wp-content\/uploads\/2024\/03\/Imagem-do-WhatsApp-de-2024-03-22-as-15.08.50_c1212605.jpg 768w, https:\/\/noticiasregionais.com.br\/wp-content\/uploads\/2024\/03\/Imagem-do-WhatsApp-de-2024-03-22-as-15.08.50_c1212605-225x300.jpg 225w\" sizes=\"(max-width: 768px) 100vw, 768px\" \/><\/figure>\n\n\n\n<figure class=\"wp-block-image size-large\"><img decoding=\"async\" width=\"768\" height=\"1024\" data-id=\"2351\" src=\"https:\/\/noticiasregionais.com.br\/wp-content\/uploads\/2024\/03\/Imagem-do-WhatsApp-de-2024-03-22-as-15.08.52_b8e4b971.jpg\" alt=\"\" class=\"wp-image-2351\" srcset=\"https:\/\/noticiasregionais.com.br\/wp-content\/uploads\/2024\/03\/Imagem-do-WhatsApp-de-2024-03-22-as-15.08.52_b8e4b971.jpg 768w, https:\/\/noticiasregionais.com.br\/wp-content\/uploads\/2024\/03\/Imagem-do-WhatsApp-de-2024-03-22-as-15.08.52_b8e4b971-225x300.jpg 225w\" sizes=\"(max-width: 768px) 100vw, 768px\" \/><\/figure>\n<\/figure>\n<input type=\"hidden\" id=\"baseurl\" value=\"https:\/\/noticiasregionais.com.br\"><input type=\"hidden\" id=\"audio_nonce\" value=\"533fbb67b1\">","protected":false},"excerpt":{"rendered":"<p>Em opera\u00e7\u00e3o coordenada entre a Pol\u00edcia Rodovi\u00e1ria Federal (PRF) e a Delegacia de Investiga\u00e7\u00f5es Sobre Entorpecentes (DISE) de Marilia resultou&hellip;<\/p>\n","protected":false},"author":1,"featured_media":2353,"comment_status":"closed","ping_status":"open","sticky":false,"template":"","format":"standard","meta":{"sfsi_plus_gutenberg_text_before_share":"","sfsi_plus_gutenberg_show_text_before_share":"","sfsi_plus_gutenberg_icon_type":"","sfsi_plus_gutenberg_icon_alignemt":"","sfsi_plus_gutenburg_max_per_row":"","footnotes":""},"categories":[6,12,1],"tags":[],"class_list":["post-2350","post","type-post","status-publish","format-standard","has-post-thumbnail","hentry","category-sao_paulo","category-capa","category-noticias"],"_links":{"self":[{"href":"https:\/\/noticiasregionais.com.br\/index.php?rest_route=\/wp\/v2\/posts\/2350","targetHints":{"allow":["GET"]}}],"collection":[{"href":"https:\/\/noticiasregionais.com.br\/index.php?rest_route=\/wp\/v2\/posts"}],"about":[{"href":"https:\/\/noticiasregionais.com.br\/index.php?rest_route=\/wp\/v2\/types\/post"}],"author":[{"embeddable":true,"href":"https:\/\/noticiasregionais.com.br\/index.php?rest_route=\/wp\/v2\/users\/1"}],"replies":[{"embeddable":true,"href":"https:\/\/noticiasregionais.com.br\/index.php?rest_route=%2Fwp%2Fv2%2Fcomments&post=2350"}],"version-history":[{"count":1,"href":"https:\/\/noticiasregionais.com.br\/index.php?rest_route=\/wp\/v2\/posts\/2350\/revisions"}],"predecessor-version":[{"id":2354,"href":"https:\/\/noticiasregionais.com.br\/index.php?rest_route=\/wp\/v2\/posts\/2350\/revisions\/2354"}],"wp:featuredmedia":[{"embeddable":true,"href":"https:\/\/noticiasregionais.com.br\/index.php?rest_route=\/wp\/v2\/media\/2353"}],"wp:attachment":[{"href":"https:\/\/noticiasregionais.com.br\/index.php?rest_route=%2Fwp%2Fv2%2Fmedia&parent=2350"}],"wp:term":[{"taxonomy":"category","embeddable":true,"href":"https:\/\/noticiasregionais.com.br\/index.php?rest_route=%2Fwp%2Fv2%2Fcategories&post=2350"},{"taxonomy":"post_tag","embeddable":true,"href":"https:\/\/noticiasregionais.com.br\/index.php?rest_route=%2Fwp%2Fv2%2Ftags&post=2350"}],"curies":[{"name":"wp","href":"https:\/\/api.w.org\/{rel}","templated":true}]}}