{"id":2355,"date":"2024-03-24T11:03:14","date_gmt":"2024-03-24T14:03:14","guid":{"rendered":"https:\/\/noticiasregionais.com.br\/?p=2355"},"modified":"2024-03-24T11:03:17","modified_gmt":"2024-03-24T14:03:17","slug":"passageira-boliviana-e-presa-por-trafico-de-drogas-na-rodovia-raposo-tavares","status":"publish","type":"post","link":"https:\/\/noticiasregionais.com.br\/?p=2355","title":{"rendered":"Passageira boliviana \u00e9 presa por tr\u00e1fico de drogas na Rodovia Raposo Tavares"},"content":{"rendered":"\n<p>Na tarde de sexta-feira (22), durante a Opera\u00e7\u00e3o Impacto, policiais militares abordaram um \u00f4nibus na Rodovia Raposo Tavares, em Palmital (SP), e prenderam uma passageira boliviana de 29 anos por tr\u00e1fico de drogas.<\/p>\n\n\n\n<p>Ao notar um volume anormal na regi\u00e3o da cintura da mulher, os policiais a questionaram sobre o conte\u00fado. Ela confessou que se tratava de pasta base de coca\u00edna.<\/p>\n\n\n\n<p>O \u00f4nibus foi liberado e a passageira foi conduzida \u00e0 Base Operacional de Assis, onde uma policial feminina realizou revista pessoal e encontrou cinco cintas escondidas em seu corpo, contendo diversas c\u00e1psulas de coca\u00edna.<\/p>\n\n\n\n<p>No total, foram apreendidos 1,281 kg da droga. A mulher, que est\u00e1 gr\u00e1vida, declarou que pegou a droga na Bol\u00edvia e a levaria para S\u00e3o Paulo. Ela foi presa em flagrante e permaneceu \u00e0 disposi\u00e7\u00e3o da Justi\u00e7a na Pol\u00edcia Federal de Mar\u00edlia.<\/p>\n\n\n\n<p><strong>Detalhes da Opera\u00e7\u00e3o<\/strong><\/p>\n\n\n\n<ul class=\"wp-block-list\">\n<li><strong>Data\/hora:<\/strong>&nbsp;22\/03\/2024 &#8211; 17:00h<\/li>\n\n\n\n<li><strong>Local:<\/strong>&nbsp;Palmital\/SP \u2013 SP 270 \u2013 Rodovia Raposo Tavares, km 413+400 metros<\/li>\n\n\n\n<li><strong>Respons\u00e1vel:<\/strong>&nbsp;1\u00b0 Pel da 3\u00aa Cia do 2\u00b0 BPRv<\/li>\n<\/ul>\n\n\n\n<p><strong>Apreens\u00e3o<\/strong><\/p>\n\n\n\n<ul class=\"wp-block-list\">\n<li>Droga: Pasta base de coca\u00edna<\/li>\n\n\n\n<li>Quantidade: 1,281 Kg<\/li>\n<\/ul>\n\n\n\n<p><strong>Autuada<\/strong><\/p>\n\n\n\n<ul class=\"wp-block-list\">\n<li>Nacionalidade: Boliviana<\/li>\n\n\n\n<li>Idade: 29 anos<\/li>\n\n\n\n<li>Situa\u00e7\u00e3o: Presa em flagrante, \u00e0 disposi\u00e7\u00e3o da Justi\u00e7a na Pol\u00edcia Federal de Mar\u00edlia<\/li>\n<\/ul>\n\n\n\n<p><strong>Outros:<\/strong><\/p>\n\n\n\n<ul class=\"wp-block-list\">\n<li>A mulher est\u00e1 gr\u00e1vida.<\/li>\n\n\n\n<li>A droga foi apreendida na Pol\u00edcia Federal de Mar\u00edlia.<\/li>\n<\/ul>\n\n\n\n<p><strong>Informa\u00e7\u00f5es Adicionais<\/strong><\/p>\n\n\n\n<ul class=\"wp-block-list\">\n<li>A Opera\u00e7\u00e3o Impacto \u00e9 uma a\u00e7\u00e3o intensificada de policiamento ostensivo e preventivo nas rodovias do Estado de S\u00e3o Paulo.<\/li>\n\n\n\n<li>O objetivo da opera\u00e7\u00e3o \u00e9 coibir crimes como tr\u00e1fico de drogas, roubo de cargas e outros delitos.<\/li>\n<\/ul>\n\n\n\n<p><strong>Fonte:<\/strong><\/p>\n\n\n\n<ul class=\"wp-block-list\">\n<li>1\u00b0 Pel da 3\u00aa Cia do 2\u00b0 BPRv<\/li>\n<\/ul>\n<input type=\"hidden\" id=\"baseurl\" value=\"https:\/\/noticiasregionais.com.br\"><input type=\"hidden\" id=\"audio_nonce\" value=\"533fbb67b1\">","protected":false},"excerpt":{"rendered":"<p>Na tarde de sexta-feira (22), durante a Opera\u00e7\u00e3o Impacto, policiais militares abordaram um \u00f4nibus na Rodovia Raposo Tavares, em Palmital&hellip;<\/p>\n","protected":false},"author":1,"featured_media":2356,"comment_status":"closed","ping_status":"open","sticky":false,"template":"","format":"standard","meta":{"sfsi_plus_gutenberg_text_before_share":"","sfsi_plus_gutenberg_show_text_before_share":"","sfsi_plus_gutenberg_icon_type":"","sfsi_plus_gutenberg_icon_alignemt":"","sfsi_plus_gutenburg_max_per_row":"","footnotes":""},"categories":[6,12,1],"tags":[],"class_list":["post-2355","post","type-post","status-publish","format-standard","has-post-thumbnail","hentry","category-sao_paulo","category-capa","category-noticias"],"_links":{"self":[{"href":"https:\/\/noticiasregionais.com.br\/index.php?rest_route=\/wp\/v2\/posts\/2355","targetHints":{"allow":["GET"]}}],"collection":[{"href":"https:\/\/noticiasregionais.com.br\/index.php?rest_route=\/wp\/v2\/posts"}],"about":[{"href":"https:\/\/noticiasregionais.com.br\/index.php?rest_route=\/wp\/v2\/types\/post"}],"author":[{"embeddable":true,"href":"https:\/\/noticiasregionais.com.br\/index.php?rest_route=\/wp\/v2\/users\/1"}],"replies":[{"embeddable":true,"href":"https:\/\/noticiasregionais.com.br\/index.php?rest_route=%2Fwp%2Fv2%2Fcomments&post=2355"}],"version-history":[{"count":1,"href":"https:\/\/noticiasregionais.com.br\/index.php?rest_route=\/wp\/v2\/posts\/2355\/revisions"}],"predecessor-version":[{"id":2357,"href":"https:\/\/noticiasregionais.com.br\/index.php?rest_route=\/wp\/v2\/posts\/2355\/revisions\/2357"}],"wp:featuredmedia":[{"embeddable":true,"href":"https:\/\/noticiasregionais.com.br\/index.php?rest_route=\/wp\/v2\/media\/2356"}],"wp:attachment":[{"href":"https:\/\/noticiasregionais.com.br\/index.php?rest_route=%2Fwp%2Fv2%2Fmedia&parent=2355"}],"wp:term":[{"taxonomy":"category","embeddable":true,"href":"https:\/\/noticiasregionais.com.br\/index.php?rest_route=%2Fwp%2Fv2%2Fcategories&post=2355"},{"taxonomy":"post_tag","embeddable":true,"href":"https:\/\/noticiasregionais.com.br\/index.php?rest_route=%2Fwp%2Fv2%2Ftags&post=2355"}],"curies":[{"name":"wp","href":"https:\/\/api.w.org\/{rel}","templated":true}]}}