{"id":237,"date":"2023-09-05T12:18:03","date_gmt":"2023-09-05T15:18:03","guid":{"rendered":"https:\/\/noticiasregionais.com.br\/?p=237"},"modified":"2023-09-05T12:18:03","modified_gmt":"2023-09-05T15:18:03","slug":"jovens-muculmanas-sao-impedidas-de-entrar-em-escolas-da-franca-apos-proibicao-da-abaya","status":"publish","type":"post","link":"https:\/\/noticiasregionais.com.br\/?p=237","title":{"rendered":"Jovens mu\u00e7ulmanas s\u00e3o impedidas de entrar em escolas da Fran\u00e7a ap\u00f3s proibi\u00e7\u00e3o da abaya"},"content":{"rendered":"\n<p>Ap\u00f3s anunciar no final de agosto que ia barrar a entrada alunas que usassem a abaya (com exce\u00e7\u00e3o apenas do rosto) t\u00fanica comum em pa\u00edses do Norte da \u00c1frica e \u00e1rabes de entrarem nas escolas, a Fran\u00e7a impediu na segunda-feira, 4, primeiro dia da volta \u00e0s aulas, que dezenas de jovens entrasse nas escolas. Cerca de 300 jovens compareceram \u00e0s suas escolas vestidas com a abaya, disse o ministro da educa\u00e7\u00e3o Gabriel Attal \u00e0 emissora BFM. A maioria dos estudantes aceitou retirar a t\u00fanica, mas 67 se recusaram a faz\u00ea-lo e, por isso, foram mandadas para casa, explicou. Nas redes sociais, Attal falou sobre o primeiro dia de aula com a nova regulamenta\u00e7\u00e3o. \u201cGra\u00e7as ao empenho do pessoal, \u00e0 prioridade do di\u00e1logo, a regra que estabeleci sobre abayas e qamis foi respeitada desde esta manh\u00e3, sem grandes dificuldades de informar. A Escola acolhe todos os seus alunos. Todos. Sem exce\u00e7\u00e3o. De acordo com as regras republicanas\u201d, escreveu. No final de agosto, Attal proibiu o uso da pe\u00e7a sob alega\u00e7\u00e3o de que a vestimenta vai de encontro \u00e0s normas estritas de laicidade no ensino franc\u00eas.<\/p>\n\n\n\n<p><br>A abaya cobre o corpo e deixa de fora rosto, m\u00e3os e p\u00e9s. Seu uso por adolescentes gerou pol\u00eamica na Fran\u00e7a. \u201cQuando o aluno entra em uma sala de aula, n\u00e3o se deve poder identificar a sua religi\u00e3o ao olhar para ele\u201d, disse o ministro. A proibi\u00e7\u00e3o foi destacada pela classe pol\u00edtica de direita, mas a esquerda argumentou que representa uma afronta \u00e0s liberdades civis. A esquerda acusou o governo do presidente Emmanuel Macron de competir, com essa medida, com a pol\u00edtica de extrema direita Marine Le Pen, a cerca de nove meses das elei\u00e7\u00f5es europeias. Uma lei de 2004 pro\u00edbe o uso de s\u00edmbolos, ou roupas, por meio dos quais os alunos mostrem, ostensivamente, uma afilia\u00e7\u00e3o religiosa nas escolas. Isso inclui as cruzes crist\u00e3s, o kip\u00e1 judaico e os v\u00e9us de cabe\u00e7a isl\u00e2micos. Embora o Conselho Franc\u00eas do Culto Mu\u00e7ulmano (CFCM) considere que a pe\u00e7a n\u00e3o representa um s\u00edmbolo isl\u00e2mico, o Minist\u00e9rio da Educa\u00e7\u00e3o franc\u00eas divulgou, no ano passado, uma circular autorizando as escolas a proibir a abaya, bem como bandanas e saias muito longas. \u201cAs instru\u00e7\u00f5es n\u00e3o estavam claras, agora est\u00e3o, e n\u00f3s as saudamos\u201d, disse Bruno Bobkiewicz, secret\u00e1rio-geral do sindicato que representa os diretores de institui\u00e7\u00f5es de ensino. Em 2004, a Fran\u00e7a proibiu em escolas e institutos qualquer s\u00edmbolo religioso ostensivo, como o v\u00e9u isl\u00e2mico e o quip\u00e1.<\/p>\n\n\n\n<p>*Com informa\u00e7\u00f5es da AFP<\/p>\n<input type=\"hidden\" id=\"baseurl\" value=\"https:\/\/noticiasregionais.com.br\"><input type=\"hidden\" id=\"audio_nonce\" value=\"533fbb67b1\">","protected":false},"excerpt":{"rendered":"<p>Ap\u00f3s anunciar no final de agosto que ia barrar a entrada alunas que usassem a abaya (com exce\u00e7\u00e3o apenas do&hellip;<\/p>\n","protected":false},"author":1,"featured_media":238,"comment_status":"closed","ping_status":"open","sticky":false,"template":"","format":"standard","meta":{"sfsi_plus_gutenberg_text_before_share":"","sfsi_plus_gutenberg_show_text_before_share":"","sfsi_plus_gutenberg_icon_type":"","sfsi_plus_gutenberg_icon_alignemt":"","sfsi_plus_gutenburg_max_per_row":"","footnotes":""},"categories":[10,9,1],"tags":[],"class_list":["post-237","post","type-post","status-publish","format-standard","has-post-thumbnail","hentry","category-destaques","category-mundo","category-noticias"],"_links":{"self":[{"href":"https:\/\/noticiasregionais.com.br\/index.php?rest_route=\/wp\/v2\/posts\/237","targetHints":{"allow":["GET"]}}],"collection":[{"href":"https:\/\/noticiasregionais.com.br\/index.php?rest_route=\/wp\/v2\/posts"}],"about":[{"href":"https:\/\/noticiasregionais.com.br\/index.php?rest_route=\/wp\/v2\/types\/post"}],"author":[{"embeddable":true,"href":"https:\/\/noticiasregionais.com.br\/index.php?rest_route=\/wp\/v2\/users\/1"}],"replies":[{"embeddable":true,"href":"https:\/\/noticiasregionais.com.br\/index.php?rest_route=%2Fwp%2Fv2%2Fcomments&post=237"}],"version-history":[{"count":1,"href":"https:\/\/noticiasregionais.com.br\/index.php?rest_route=\/wp\/v2\/posts\/237\/revisions"}],"predecessor-version":[{"id":239,"href":"https:\/\/noticiasregionais.com.br\/index.php?rest_route=\/wp\/v2\/posts\/237\/revisions\/239"}],"wp:featuredmedia":[{"embeddable":true,"href":"https:\/\/noticiasregionais.com.br\/index.php?rest_route=\/wp\/v2\/media\/238"}],"wp:attachment":[{"href":"https:\/\/noticiasregionais.com.br\/index.php?rest_route=%2Fwp%2Fv2%2Fmedia&parent=237"}],"wp:term":[{"taxonomy":"category","embeddable":true,"href":"https:\/\/noticiasregionais.com.br\/index.php?rest_route=%2Fwp%2Fv2%2Fcategories&post=237"},{"taxonomy":"post_tag","embeddable":true,"href":"https:\/\/noticiasregionais.com.br\/index.php?rest_route=%2Fwp%2Fv2%2Ftags&post=237"}],"curies":[{"name":"wp","href":"https:\/\/api.w.org\/{rel}","templated":true}]}}