{"id":2370,"date":"2024-03-24T12:53:45","date_gmt":"2024-03-24T15:53:45","guid":{"rendered":"https:\/\/noticiasregionais.com.br\/?p=2370"},"modified":"2024-03-24T12:53:57","modified_gmt":"2024-03-24T15:53:57","slug":"ace-ourinhos-comemora-91-anos-e-presenteia-os-associados-com-pesquisa-inedita-sobre-os-indicadores-do-comercio-local","status":"publish","type":"post","link":"https:\/\/noticiasregionais.com.br\/?p=2370","title":{"rendered":"ACE Ourinhos comemora 91 anos e presenteia os associados com pesquisa in\u00e9dita sobre os indicadores do com\u00e9rcio local"},"content":{"rendered":"\n<p>Identificar oportunidades, apoio na tomada de decis\u00f5es, planejamento eficiente. Esse tr\u00eas pilares poder\u00e3o ser desfrutados pelos empreendedores associados da ACE Ourinhos com a divulga\u00e7\u00e3o de uma pesquisa in\u00e9dita feita no com\u00e9rcio ourinhense.<\/p>\n\n\n\n<p>A pesquisa \u00e9 um presente aos associados em comemora\u00e7\u00e3o ao anivers\u00e1rio de 91 anos da ACE, que ser\u00e3o completados neste domingo, 24 de mar\u00e7o. \u201cA ACE sempre foi a porta de entrada do desenvolvimento de Ourinhos. Sabemos da for\u00e7a e representatividade que temos, por isso buscamos sempre inovar, trazendo as melhores ferramentas para nossos associados. Essa pesquisa traz indicadores positivos e tamb\u00e9m revela os pontos que precisam ser melhorados no nosso com\u00e9rcio. S\u00e3o informa\u00e7\u00f5es extremamente importantes\u201d, conta o presidente Robson Martuchi.<\/p>\n\n\n\n<p>A ACE vai realizar uma reuni\u00e3o para apresenta\u00e7\u00e3o dos dados no in\u00edcio do pr\u00f3ximo m\u00eas, mas nessa semana j\u00e1 come\u00e7aram os preparativos. \u201cVamos fazer algo realmente inovador para nossos associados, pois mostraremos os pontos positivos, o que precisa ser melhorado e j\u00e1 vamos trazer a solu\u00e7\u00e3o, pois fechamos parceria com o SENAC, o SEBRAE e o SENAI para trazerem oportunidades alinhadas com o que foi detectado na pesquisa. Ser\u00e1 um grande movimento para que nosso com\u00e9rcio fique ainda mais consolidado\u201d.<\/p>\n\n\n\n<figure class=\"wp-block-gallery has-nested-images columns-2 is-cropped wp-block-gallery-1 is-layout-flex wp-block-gallery-is-layout-flex\">\n<figure class=\"wp-block-image size-large\"><img decoding=\"async\" width=\"1024\" height=\"768\" data-id=\"2372\" src=\"https:\/\/noticiasregionais.com.br\/wp-content\/uploads\/2024\/03\/Imagem-do-WhatsApp-de-2024-03-22-as-15.39.17_f7731e1d-1024x768.jpg\" alt=\"\" class=\"wp-image-2372\" srcset=\"https:\/\/noticiasregionais.com.br\/wp-content\/uploads\/2024\/03\/Imagem-do-WhatsApp-de-2024-03-22-as-15.39.17_f7731e1d-1024x768.jpg 1024w, https:\/\/noticiasregionais.com.br\/wp-content\/uploads\/2024\/03\/Imagem-do-WhatsApp-de-2024-03-22-as-15.39.17_f7731e1d-300x225.jpg 300w, https:\/\/noticiasregionais.com.br\/wp-content\/uploads\/2024\/03\/Imagem-do-WhatsApp-de-2024-03-22-as-15.39.17_f7731e1d-768x576.jpg 768w, https:\/\/noticiasregionais.com.br\/wp-content\/uploads\/2024\/03\/Imagem-do-WhatsApp-de-2024-03-22-as-15.39.17_f7731e1d.jpg 1280w\" sizes=\"(max-width: 1024px) 100vw, 1024px\" \/><\/figure>\n\n\n\n<figure class=\"wp-block-image size-large\"><img decoding=\"async\" width=\"1024\" height=\"461\" data-id=\"2371\" src=\"https:\/\/noticiasregionais.com.br\/wp-content\/uploads\/2024\/03\/Imagem-do-WhatsApp-de-2024-03-22-as-15.39.35_ed4aff59-1024x461.jpg\" alt=\"\" class=\"wp-image-2371\" srcset=\"https:\/\/noticiasregionais.com.br\/wp-content\/uploads\/2024\/03\/Imagem-do-WhatsApp-de-2024-03-22-as-15.39.35_ed4aff59-1024x461.jpg 1024w, https:\/\/noticiasregionais.com.br\/wp-content\/uploads\/2024\/03\/Imagem-do-WhatsApp-de-2024-03-22-as-15.39.35_ed4aff59-300x135.jpg 300w, https:\/\/noticiasregionais.com.br\/wp-content\/uploads\/2024\/03\/Imagem-do-WhatsApp-de-2024-03-22-as-15.39.35_ed4aff59-768x346.jpg 768w, https:\/\/noticiasregionais.com.br\/wp-content\/uploads\/2024\/03\/Imagem-do-WhatsApp-de-2024-03-22-as-15.39.35_ed4aff59-1536x692.jpg 1536w, https:\/\/noticiasregionais.com.br\/wp-content\/uploads\/2024\/03\/Imagem-do-WhatsApp-de-2024-03-22-as-15.39.35_ed4aff59.jpg 1600w\" sizes=\"(max-width: 1024px) 100vw, 1024px\" \/><\/figure>\n<\/figure>\n<input type=\"hidden\" id=\"baseurl\" value=\"https:\/\/noticiasregionais.com.br\"><input type=\"hidden\" id=\"audio_nonce\" value=\"3cdc555a10\">","protected":false},"excerpt":{"rendered":"<p>Identificar oportunidades, apoio na tomada de decis\u00f5es, planejamento eficiente. Esse tr\u00eas pilares poder\u00e3o ser desfrutados pelos empreendedores associados da ACE&hellip;<\/p>\n","protected":false},"author":1,"featured_media":2374,"comment_status":"closed","ping_status":"open","sticky":false,"template":"","format":"standard","meta":{"sfsi_plus_gutenberg_text_before_share":"","sfsi_plus_gutenberg_show_text_before_share":"","sfsi_plus_gutenberg_icon_type":"","sfsi_plus_gutenberg_icon_alignemt":"","sfsi_plus_gutenburg_max_per_row":"","footnotes":""},"categories":[5,10,1],"tags":[],"class_list":["post-2370","post","type-post","status-publish","format-standard","has-post-thumbnail","hentry","category-ourinhos","category-destaques","category-noticias"],"_links":{"self":[{"href":"https:\/\/noticiasregionais.com.br\/index.php?rest_route=\/wp\/v2\/posts\/2370","targetHints":{"allow":["GET"]}}],"collection":[{"href":"https:\/\/noticiasregionais.com.br\/index.php?rest_route=\/wp\/v2\/posts"}],"about":[{"href":"https:\/\/noticiasregionais.com.br\/index.php?rest_route=\/wp\/v2\/types\/post"}],"author":[{"embeddable":true,"href":"https:\/\/noticiasregionais.com.br\/index.php?rest_route=\/wp\/v2\/users\/1"}],"replies":[{"embeddable":true,"href":"https:\/\/noticiasregionais.com.br\/index.php?rest_route=%2Fwp%2Fv2%2Fcomments&post=2370"}],"version-history":[{"count":1,"href":"https:\/\/noticiasregionais.com.br\/index.php?rest_route=\/wp\/v2\/posts\/2370\/revisions"}],"predecessor-version":[{"id":2375,"href":"https:\/\/noticiasregionais.com.br\/index.php?rest_route=\/wp\/v2\/posts\/2370\/revisions\/2375"}],"wp:featuredmedia":[{"embeddable":true,"href":"https:\/\/noticiasregionais.com.br\/index.php?rest_route=\/wp\/v2\/media\/2374"}],"wp:attachment":[{"href":"https:\/\/noticiasregionais.com.br\/index.php?rest_route=%2Fwp%2Fv2%2Fmedia&parent=2370"}],"wp:term":[{"taxonomy":"category","embeddable":true,"href":"https:\/\/noticiasregionais.com.br\/index.php?rest_route=%2Fwp%2Fv2%2Fcategories&post=2370"},{"taxonomy":"post_tag","embeddable":true,"href":"https:\/\/noticiasregionais.com.br\/index.php?rest_route=%2Fwp%2Fv2%2Ftags&post=2370"}],"curies":[{"name":"wp","href":"https:\/\/api.w.org\/{rel}","templated":true}]}}