{"id":2377,"date":"2024-03-24T13:11:54","date_gmt":"2024-03-24T16:11:54","guid":{"rendered":"https:\/\/noticiasregionais.com.br\/?p=2377"},"modified":"2024-03-24T13:12:06","modified_gmt":"2024-03-24T16:12:06","slug":"conheca-os-sintomas-da-dengue-as-fases-da-doenca-e-os-sinais-de-alerta","status":"publish","type":"post","link":"https:\/\/noticiasregionais.com.br\/?p=2377","title":{"rendered":"Conhe\u00e7a os sintomas da dengue, as fases da doen\u00e7a e os sinais de alerta"},"content":{"rendered":"\n<p class=\"has-text-align-center\"><strong>Maioria dos infectados tem sintomas b\u00e1sicos, mas alguns desenvolvem manifesta\u00e7\u00f5es mais graves que indicam necessidade de atendimento m\u00e9dico<\/strong><\/p>\n\n\n\n<p>Os primeiros sintomas da dengue s\u00e3o&nbsp;febre alta, dores no corpo e atr\u00e1s dos olhos, vermelhid\u00e3o na pele e fadiga. Nessa fase, a doen\u00e7a \u00e9 classificada como dengue cl\u00e1ssica ou&nbsp;dengue sem sinais de alerta&nbsp;e pode ser controlada com hidrata\u00e7\u00e3o intensa e certas medica\u00e7\u00f5es (alguns rem\u00e9dios precisam ser evitados;&nbsp;<a href=\"https:\/\/www.saopaulo.sp.gov.br\/spnoticias\/ultimas-noticias\/butantan-aponta-cuidados-essenciais-em-caso-de-suspeita-de-dengue\/\" target=\"_blank\" rel=\"noreferrer noopener\">leia aqui<\/a>), at\u00e9 seu desaparecimento em alguns dias.<\/p>\n\n\n\n<p>Em uma minoria, outros sintomas mais espec\u00edficos podem surgir na sequ\u00eancia, principalmente quando a febre cessa por volta do quinto dia. Os sintomas mais caracter\u00edsticos dessa fase s\u00e3o&nbsp;dores abdominais, v\u00f4mitos intensos, desidrata\u00e7\u00e3o, falta de apetite e sangramentos nas mucosas. Essa \u00e9 a fase da&nbsp;dengue com sinais de alerta, nome dado pela Organiza\u00e7\u00e3o Mundial da Sa\u00fade (OMS) por indicar uma gravidade do quadro cl\u00ednico. Nesse momento,&nbsp;\u00e9 importante ter acompanhamento m\u00e9dico.<\/p>\n\n\n\n<p>Na&nbsp;dengue grave, a que mais preocupa, ocorre maior&nbsp;rea\u00e7\u00e3o inflamat\u00f3ria sist\u00eamica, que altera a coagula\u00e7\u00e3o do sangue e acarreta a perda de l\u00edquidos. A consequ\u00eancia pode ser uma hemorragia intensa e uma queda s\u00fabita da press\u00e3o arterial, respons\u00e1veis pelo choque associado \u00e0 dengue, principal causa de \u00f3bito.<\/p>\n\n\n\n<p>A manifesta\u00e7\u00e3o grave era conhecida como dengue hemorr\u00e1gica, mas o&nbsp;termo foi reformulado pela OMS em 2009&nbsp;diante das demais caracter\u00edsticas envolvidas no agravamento do quadro.<\/p>\n\n\n\n<p>\u201cAs manifesta\u00e7\u00f5es hemorr\u00e1gicas como sangramento nasal e da gengiva, pintas vermelhas pelo corpo, sangramento uterino e do trato digestivo alto, que faz a pessoa vomitar sangue, e a quantidade baixa de plaquetas \u2013 respons\u00e1veis pela coagula\u00e7\u00e3o \u2013 podem ser observadas em todas as fases da dengue\u201d, esclarece o infectologista e gestor m\u00e9dico de Desenvolvimento Cl\u00ednico do Butantan, Erique Miranda.<\/p>\n\n\n\n<p>Segundo a OMS, o objetivo da mudan\u00e7a de nomenclatura foi formar um crit\u00e9rio simples, por\u00e9m uniforme, para uma abordagem padr\u00e3o de atendimento em todo o mundo.<\/p>\n\n\n\n<p><strong>Veja os sintomas de cada fase da dengue.<\/strong><\/p>\n\n\n\n<p><strong>Dengue sem sinais de alerta<\/strong><br>Os primeiros sintomas come\u00e7am, em m\u00e9dia, cinco dias ap\u00f3s a picada do mosquito transmissor do v\u00edrus da dengue, o&nbsp;Aedes aegypti&nbsp;\u2013 esse per\u00edodo \u00e9 chamado de incuba\u00e7\u00e3o. S\u00e3o eles:<\/p>\n\n\n\n<ul class=\"wp-block-list\">\n<li>Febre alta (40\u00b0C)<\/li>\n\n\n\n<li>Forte dor de cabe\u00e7a<\/li>\n\n\n\n<li>Dor atr\u00e1s dos olhos<\/li>\n\n\n\n<li>N\u00e1usea<\/li>\n\n\n\n<li>V\u00f4mitos<\/li>\n\n\n\n<li>Manchas vermelhas na pele<\/li>\n<\/ul>\n<input type=\"hidden\" id=\"baseurl\" value=\"https:\/\/noticiasregionais.com.br\"><input type=\"hidden\" id=\"audio_nonce\" value=\"533fbb67b1\">","protected":false},"excerpt":{"rendered":"<p>Maioria dos infectados tem sintomas b\u00e1sicos, mas alguns desenvolvem manifesta\u00e7\u00f5es mais graves que indicam necessidade de atendimento m\u00e9dico Os primeiros&hellip;<\/p>\n","protected":false},"author":1,"featured_media":2378,"comment_status":"closed","ping_status":"open","sticky":false,"template":"","format":"standard","meta":{"sfsi_plus_gutenberg_text_before_share":"","sfsi_plus_gutenberg_show_text_before_share":"","sfsi_plus_gutenberg_icon_type":"","sfsi_plus_gutenberg_icon_alignemt":"","sfsi_plus_gutenburg_max_per_row":"","footnotes":""},"categories":[6,10,1],"tags":[],"class_list":["post-2377","post","type-post","status-publish","format-standard","has-post-thumbnail","hentry","category-sao_paulo","category-destaques","category-noticias"],"_links":{"self":[{"href":"https:\/\/noticiasregionais.com.br\/index.php?rest_route=\/wp\/v2\/posts\/2377","targetHints":{"allow":["GET"]}}],"collection":[{"href":"https:\/\/noticiasregionais.com.br\/index.php?rest_route=\/wp\/v2\/posts"}],"about":[{"href":"https:\/\/noticiasregionais.com.br\/index.php?rest_route=\/wp\/v2\/types\/post"}],"author":[{"embeddable":true,"href":"https:\/\/noticiasregionais.com.br\/index.php?rest_route=\/wp\/v2\/users\/1"}],"replies":[{"embeddable":true,"href":"https:\/\/noticiasregionais.com.br\/index.php?rest_route=%2Fwp%2Fv2%2Fcomments&post=2377"}],"version-history":[{"count":1,"href":"https:\/\/noticiasregionais.com.br\/index.php?rest_route=\/wp\/v2\/posts\/2377\/revisions"}],"predecessor-version":[{"id":2379,"href":"https:\/\/noticiasregionais.com.br\/index.php?rest_route=\/wp\/v2\/posts\/2377\/revisions\/2379"}],"wp:featuredmedia":[{"embeddable":true,"href":"https:\/\/noticiasregionais.com.br\/index.php?rest_route=\/wp\/v2\/media\/2378"}],"wp:attachment":[{"href":"https:\/\/noticiasregionais.com.br\/index.php?rest_route=%2Fwp%2Fv2%2Fmedia&parent=2377"}],"wp:term":[{"taxonomy":"category","embeddable":true,"href":"https:\/\/noticiasregionais.com.br\/index.php?rest_route=%2Fwp%2Fv2%2Fcategories&post=2377"},{"taxonomy":"post_tag","embeddable":true,"href":"https:\/\/noticiasregionais.com.br\/index.php?rest_route=%2Fwp%2Fv2%2Ftags&post=2377"}],"curies":[{"name":"wp","href":"https:\/\/api.w.org\/{rel}","templated":true}]}}