{"id":2380,"date":"2024-03-24T13:23:39","date_gmt":"2024-03-24T16:23:39","guid":{"rendered":"https:\/\/noticiasregionais.com.br\/?p=2380"},"modified":"2024-03-24T13:23:42","modified_gmt":"2024-03-24T16:23:42","slug":"unesp-abre-3-040-vagas-para-pos-graduacao-a-distancia","status":"publish","type":"post","link":"https:\/\/noticiasregionais.com.br\/?p=2380","title":{"rendered":"Unesp abre 3.040 vagas para p\u00f3s-gradua\u00e7\u00e3o a dist\u00e2ncia"},"content":{"rendered":"\n<p class=\"has-text-align-center\"><strong>Todos cursos s\u00e3o gratuitos e voltados para professores e servidores p\u00fablicos<\/strong><\/p>\n\n\n\n<p>A Universidade Estadual Paulista J\u00falio de Mesquita Filho (Unesp) abriu inscri\u00e7\u00f5es para cinco cursos gratuitos de p\u00f3s-gradua\u00e7\u00e3o lato sensu em parceria com a Coordena\u00e7\u00e3o de Aperfei\u00e7oamento de Pessoal de N\u00edvel Superior (Capes). Os cursos s\u00e3o ofertados pela institui\u00e7\u00e3o por meio do Sistema Universidade Aberta do Brasil (UAB).<\/p>\n\n\n\n<p>Desenvolvidos na modalidade \u00e0 dist\u00e2ncia (EaD), todos os cursos s\u00e3o voltados para a forma\u00e7\u00e3o de professores da Educa\u00e7\u00e3o B\u00e1sica e \u00e0 capacita\u00e7\u00e3o de servidores p\u00fablicos que exer\u00e7am fun\u00e7\u00f5es de gest\u00e3o e\/ou assessoramento.<\/p>\n\n\n\n<p><strong>VAGAS<\/strong><\/p>\n\n\n\n<p>Ser\u00e3o 200 vagas para &#8220;Gest\u00e3o p\u00fablica municipal&#8221;; 880 vagas para &#8220;Educa\u00e7\u00e3o especial com \u00eanfase no atendimento educacional especializado (AEE)&#8221;; 880 vagas para &#8220;Educa\u00e7\u00e3o especial com \u00eanfase no transtorno do espectro autista (TEA)&#8221;; 200 vagas para &#8220;Educa\u00e7\u00e3o especial com \u00eanfase em altas habilidades ou superdota\u00e7\u00e3o&#8221;; e 880 vagas para &#8220;Educa\u00e7\u00e3o 5,0; metodologias ativas e ensino h\u00edbrido&#8221;.<\/p>\n\n\n\n<p>As informa\u00e7\u00f5es detalhadas sobre os cursos e tamb\u00e9m os editais do processo seletivo podem ser acessados na p\u00e1gina da CDeP3, por meio do link:&nbsp;<a href=\"https:\/\/www2.unesp.br\/portal#!\/iep3\/parcerias\/\" target=\"_blank\" rel=\"noopener\">https:\/\/www2.unesp.br\/portal#!\/iep3\/parcerias\/<\/a>.<\/p>\n\n\n\n<p>As inscri\u00e7\u00f5es estar\u00e3o abertas at\u00e9 18 de abril de 2024 e s\u00e3o totalmente gratuitas.<\/p>\n\n\n\n<p>O processo de inscri\u00e7\u00e3o \u00e9 realizado pelo Sistema de Processo Seletivo da CDeP3, que pode ser acessado no link:&nbsp;<a href=\"https:\/\/edutec.unesp.br\/processo_seletivo\/index.php\/\" target=\"_blank\" rel=\"noopener\">https:\/\/edutec.unesp.br\/processo_seletivo\/index.php\/<\/a>.<\/p>\n\n\n\n<p>O in\u00edcio dos cursos est\u00e1 previsto para a segunda semana do m\u00eas de junho de 2024.<\/p>\n<input type=\"hidden\" id=\"baseurl\" value=\"https:\/\/noticiasregionais.com.br\"><input type=\"hidden\" id=\"audio_nonce\" value=\"533fbb67b1\">","protected":false},"excerpt":{"rendered":"<p>Todos cursos s\u00e3o gratuitos e voltados para professores e servidores p\u00fablicos A Universidade Estadual Paulista J\u00falio de Mesquita Filho (Unesp)&hellip;<\/p>\n","protected":false},"author":1,"featured_media":2381,"comment_status":"closed","ping_status":"open","sticky":false,"template":"","format":"standard","meta":{"sfsi_plus_gutenberg_text_before_share":"","sfsi_plus_gutenberg_show_text_before_share":"","sfsi_plus_gutenberg_icon_type":"","sfsi_plus_gutenberg_icon_alignemt":"","sfsi_plus_gutenburg_max_per_row":"","footnotes":""},"categories":[6,10,1],"tags":[],"class_list":["post-2380","post","type-post","status-publish","format-standard","has-post-thumbnail","hentry","category-sao_paulo","category-destaques","category-noticias"],"_links":{"self":[{"href":"https:\/\/noticiasregionais.com.br\/index.php?rest_route=\/wp\/v2\/posts\/2380","targetHints":{"allow":["GET"]}}],"collection":[{"href":"https:\/\/noticiasregionais.com.br\/index.php?rest_route=\/wp\/v2\/posts"}],"about":[{"href":"https:\/\/noticiasregionais.com.br\/index.php?rest_route=\/wp\/v2\/types\/post"}],"author":[{"embeddable":true,"href":"https:\/\/noticiasregionais.com.br\/index.php?rest_route=\/wp\/v2\/users\/1"}],"replies":[{"embeddable":true,"href":"https:\/\/noticiasregionais.com.br\/index.php?rest_route=%2Fwp%2Fv2%2Fcomments&post=2380"}],"version-history":[{"count":1,"href":"https:\/\/noticiasregionais.com.br\/index.php?rest_route=\/wp\/v2\/posts\/2380\/revisions"}],"predecessor-version":[{"id":2382,"href":"https:\/\/noticiasregionais.com.br\/index.php?rest_route=\/wp\/v2\/posts\/2380\/revisions\/2382"}],"wp:featuredmedia":[{"embeddable":true,"href":"https:\/\/noticiasregionais.com.br\/index.php?rest_route=\/wp\/v2\/media\/2381"}],"wp:attachment":[{"href":"https:\/\/noticiasregionais.com.br\/index.php?rest_route=%2Fwp%2Fv2%2Fmedia&parent=2380"}],"wp:term":[{"taxonomy":"category","embeddable":true,"href":"https:\/\/noticiasregionais.com.br\/index.php?rest_route=%2Fwp%2Fv2%2Fcategories&post=2380"},{"taxonomy":"post_tag","embeddable":true,"href":"https:\/\/noticiasregionais.com.br\/index.php?rest_route=%2Fwp%2Fv2%2Ftags&post=2380"}],"curies":[{"name":"wp","href":"https:\/\/api.w.org\/{rel}","templated":true}]}}