{"id":2386,"date":"2024-03-25T11:53:04","date_gmt":"2024-03-25T14:53:04","guid":{"rendered":"https:\/\/noticiasregionais.com.br\/?p=2386"},"modified":"2024-03-25T11:53:07","modified_gmt":"2024-03-25T14:53:07","slug":"ace-completa-91-anos-com-grande-representatividade-e-forca-no-desenvolvimento-de-ourinhos","status":"publish","type":"post","link":"https:\/\/noticiasregionais.com.br\/?p=2386","title":{"rendered":"ACE completa 91 anos com grande representatividade e for\u00e7a no desenvolvimento de Ourinhos"},"content":{"rendered":"\n<p class=\"has-text-align-center\"><strong>No \u00faltimo domingo, 24 de mar\u00e7o, a Associa\u00e7\u00e3o Comercial e Empresarial de Ourinhos completou 91 anos de funda\u00e7\u00e3o.<\/strong><\/p>\n\n\n\n<p>A ACE segue rumo ao primeiro centen\u00e1rio com grande representatividade local e regional, sendo a for\u00e7a principal no apoio ao desenvolvimento de Ourinhos.<\/p>\n\n\n\n<p>A hist\u00f3ria da ACE come\u00e7a em 1933. O Brasil e o mundo empreendiam esfor\u00e7os para se recuperarem daquela que foi, provavelmente, a maior crise econ\u00f4mica do planeta. H\u00e1 menos de 4 anos ap\u00f3s o crack da Bolsa de Valores de Nova York, que al\u00e9m de quebrar a economia norte-americana e mundial, afetou o principal produto de exporta\u00e7\u00e3o brasileiro: o caf\u00e9.<\/p>\n\n\n\n<p>Ourinhos tamb\u00e9m buscava sua organiza\u00e7\u00e3o no setor econ\u00f4mico. E foi exatamente nesse ano, em 24 de mar\u00e7o de 1933, que era fundada a Associa\u00e7\u00e3o Comercial de Ourinhos, hoje Associa\u00e7\u00e3o Comercial e Empresarial de Ourinhos (ACE). Quando Rodopiano Leonis Pereira, o primeiro presidente da ACE, encaminhou os tr\u00e2mites legais para a cria\u00e7\u00e3o da entidade, sua peti\u00e7\u00e3o foi despachada para Salto Grande, que era a sede da comarca na \u00e9poca.<\/p>\n\n\n\n<p>Presente na vida do munic\u00edpio ainda em estrutura\u00e7\u00e3o, a ACE contribuiu para causas relevantes da hist\u00f3ria de Ourinhos, como quando pleiteou a reconstru\u00e7\u00e3o da Ponte Mello Peixoto na divisa de S\u00e3o Paulo e Paran\u00e1. Ela havia sido avariada h\u00e1 menos de um ano nos combates que ali se deram por conta da Revolu\u00e7\u00e3o Constitucionalista de 1932.<\/p>\n\n\n\n<p>A realidade \u00e9 que ACE sempre esteve \u00e0 frente nas grandes conquistas para o desenvolvimento de Ourinhos. Por exemplo, gra\u00e7as \u00e0 ACE, Ourinhos hoje conta com o SEBRAE, com o SENAI e o SENAC, institui\u00e7\u00f5es que transformaram a vida de milhares de pessoas nas \u00faltimas d\u00e9cadas.<\/p>\n\n\n\n<p>\u201cSempre apoiamos as grandes causas de Ourinhos, tanto trazendo novas institui\u00e7\u00f5es, empresas e servi\u00e7os, como tamb\u00e9m em a\u00e7\u00f5es sociais significativas. Sabemos a for\u00e7a da ACE e a import\u00e2ncia regional que consolidamos\u201d, disse o presidente do Conselho, Di\u00f3genes Correa Leite.<\/p>\n\n\n\n<p>O presidente da ACE, Robson Martuchi, ressaltou que a entidade segue rumo ao centen\u00e1rio com planos e projetos audaciosos, sempre voltados para benef\u00edcio dos associados e apoio no desenvolvimento de Ourinhos. \u201cEstamos em um momento de grande evolu\u00e7\u00e3o, ampliando parcerias, consolidando nossas campanhas promocionais e apoiando movimentos importantes do munic\u00edpio, como a chegada de novas empresas e empreendimentos\u201d.<\/p>\n<input type=\"hidden\" id=\"baseurl\" value=\"https:\/\/noticiasregionais.com.br\"><input type=\"hidden\" id=\"audio_nonce\" value=\"533fbb67b1\">","protected":false},"excerpt":{"rendered":"<p>No \u00faltimo domingo, 24 de mar\u00e7o, a Associa\u00e7\u00e3o Comercial e Empresarial de Ourinhos completou 91 anos de funda\u00e7\u00e3o. A ACE&hellip;<\/p>\n","protected":false},"author":1,"featured_media":2387,"comment_status":"closed","ping_status":"open","sticky":false,"template":"","format":"standard","meta":{"sfsi_plus_gutenberg_text_before_share":"","sfsi_plus_gutenberg_show_text_before_share":"","sfsi_plus_gutenberg_icon_type":"","sfsi_plus_gutenberg_icon_alignemt":"","sfsi_plus_gutenburg_max_per_row":"","footnotes":""},"categories":[5,10,1],"tags":[],"class_list":["post-2386","post","type-post","status-publish","format-standard","has-post-thumbnail","hentry","category-ourinhos","category-destaques","category-noticias"],"_links":{"self":[{"href":"https:\/\/noticiasregionais.com.br\/index.php?rest_route=\/wp\/v2\/posts\/2386","targetHints":{"allow":["GET"]}}],"collection":[{"href":"https:\/\/noticiasregionais.com.br\/index.php?rest_route=\/wp\/v2\/posts"}],"about":[{"href":"https:\/\/noticiasregionais.com.br\/index.php?rest_route=\/wp\/v2\/types\/post"}],"author":[{"embeddable":true,"href":"https:\/\/noticiasregionais.com.br\/index.php?rest_route=\/wp\/v2\/users\/1"}],"replies":[{"embeddable":true,"href":"https:\/\/noticiasregionais.com.br\/index.php?rest_route=%2Fwp%2Fv2%2Fcomments&post=2386"}],"version-history":[{"count":1,"href":"https:\/\/noticiasregionais.com.br\/index.php?rest_route=\/wp\/v2\/posts\/2386\/revisions"}],"predecessor-version":[{"id":2388,"href":"https:\/\/noticiasregionais.com.br\/index.php?rest_route=\/wp\/v2\/posts\/2386\/revisions\/2388"}],"wp:featuredmedia":[{"embeddable":true,"href":"https:\/\/noticiasregionais.com.br\/index.php?rest_route=\/wp\/v2\/media\/2387"}],"wp:attachment":[{"href":"https:\/\/noticiasregionais.com.br\/index.php?rest_route=%2Fwp%2Fv2%2Fmedia&parent=2386"}],"wp:term":[{"taxonomy":"category","embeddable":true,"href":"https:\/\/noticiasregionais.com.br\/index.php?rest_route=%2Fwp%2Fv2%2Fcategories&post=2386"},{"taxonomy":"post_tag","embeddable":true,"href":"https:\/\/noticiasregionais.com.br\/index.php?rest_route=%2Fwp%2Fv2%2Ftags&post=2386"}],"curies":[{"name":"wp","href":"https:\/\/api.w.org\/{rel}","templated":true}]}}