{"id":2389,"date":"2024-03-25T14:32:02","date_gmt":"2024-03-25T17:32:02","guid":{"rendered":"https:\/\/noticiasregionais.com.br\/?p=2389"},"modified":"2024-03-26T12:34:42","modified_gmt":"2024-03-26T15:34:42","slug":"camara-realiza-na-quarta-feira-27-sessao-solene-para-entrega-do-titulo-de-cidadao-benemerito-de-ourinhos-ao-sr-eduardo-novelli","status":"publish","type":"post","link":"https:\/\/noticiasregionais.com.br\/?p=2389","title":{"rendered":"C\u00e2mara realiza Sess\u00e3o Solene para entrega do T\u00edtulo ao Sr. Eduardo Novelli"},"content":{"rendered":"\n<p class=\"has-text-align-center\"><strong>Em reconhecimento aos relevantes servi\u00e7os prestados, a C\u00e2mara de Ourinhos conceder\u00e1 na pr\u00f3xima quarta-feira, 27 de mar\u00e7o, o T\u00edtulo de \u201cCidad\u00e3o Benem\u00e9rito de Ourinhos\u201d ao Sr. Eduardo Novelli.<\/strong><\/p>\n\n\n\n<p>A Sess\u00e3o Solene ter\u00e1 in\u00edcio \u00e0s 19h30 e ser\u00e1 realizada no Plen\u00e1rio da C\u00e2mara. O Projeto de Decreto Legislativo que concedeu a honraria \u00e9 de autoria dos vereadores Guilherme Gon\u00e7alves e Roberto Tasca.<\/p>\n\n\n\n<p>H\u00e1 20 anos, Eduardo Novelli iniciou o projeto SOS Alegria Ourinhos, que tem como miss\u00e3o humanizar o ambiente hospitalar, casas de recupera\u00e7\u00e3o, asilos, orfanatos, APAEs, dentre outras entidades, por meio da figura do palha\u00e7o, amenizando a dor, espalhando amor e roubando sorrisos, contribuindo para a recupera\u00e7\u00e3o f\u00edsica e emocional&nbsp;dos&nbsp;pacientes.<\/p>\n<input type=\"hidden\" id=\"baseurl\" value=\"https:\/\/noticiasregionais.com.br\"><input type=\"hidden\" id=\"audio_nonce\" value=\"533fbb67b1\">","protected":false},"excerpt":{"rendered":"<p>Em reconhecimento aos relevantes servi\u00e7os prestados, a C\u00e2mara de Ourinhos conceder\u00e1 na pr\u00f3xima quarta-feira, 27 de mar\u00e7o, o T\u00edtulo de&hellip;<\/p>\n","protected":false},"author":1,"featured_media":2390,"comment_status":"closed","ping_status":"open","sticky":false,"template":"","format":"standard","meta":{"sfsi_plus_gutenberg_text_before_share":"","sfsi_plus_gutenberg_show_text_before_share":"","sfsi_plus_gutenberg_icon_type":"","sfsi_plus_gutenberg_icon_alignemt":"","sfsi_plus_gutenburg_max_per_row":"","footnotes":""},"categories":[5,10,1],"tags":[],"class_list":["post-2389","post","type-post","status-publish","format-standard","has-post-thumbnail","hentry","category-ourinhos","category-destaques","category-noticias"],"_links":{"self":[{"href":"https:\/\/noticiasregionais.com.br\/index.php?rest_route=\/wp\/v2\/posts\/2389","targetHints":{"allow":["GET"]}}],"collection":[{"href":"https:\/\/noticiasregionais.com.br\/index.php?rest_route=\/wp\/v2\/posts"}],"about":[{"href":"https:\/\/noticiasregionais.com.br\/index.php?rest_route=\/wp\/v2\/types\/post"}],"author":[{"embeddable":true,"href":"https:\/\/noticiasregionais.com.br\/index.php?rest_route=\/wp\/v2\/users\/1"}],"replies":[{"embeddable":true,"href":"https:\/\/noticiasregionais.com.br\/index.php?rest_route=%2Fwp%2Fv2%2Fcomments&post=2389"}],"version-history":[{"count":2,"href":"https:\/\/noticiasregionais.com.br\/index.php?rest_route=\/wp\/v2\/posts\/2389\/revisions"}],"predecessor-version":[{"id":2392,"href":"https:\/\/noticiasregionais.com.br\/index.php?rest_route=\/wp\/v2\/posts\/2389\/revisions\/2392"}],"wp:featuredmedia":[{"embeddable":true,"href":"https:\/\/noticiasregionais.com.br\/index.php?rest_route=\/wp\/v2\/media\/2390"}],"wp:attachment":[{"href":"https:\/\/noticiasregionais.com.br\/index.php?rest_route=%2Fwp%2Fv2%2Fmedia&parent=2389"}],"wp:term":[{"taxonomy":"category","embeddable":true,"href":"https:\/\/noticiasregionais.com.br\/index.php?rest_route=%2Fwp%2Fv2%2Fcategories&post=2389"},{"taxonomy":"post_tag","embeddable":true,"href":"https:\/\/noticiasregionais.com.br\/index.php?rest_route=%2Fwp%2Fv2%2Ftags&post=2389"}],"curies":[{"name":"wp","href":"https:\/\/api.w.org\/{rel}","templated":true}]}}