{"id":2393,"date":"2024-03-26T08:22:43","date_gmt":"2024-03-26T11:22:43","guid":{"rendered":"https:\/\/noticiasregionais.com.br\/?p=2393"},"modified":"2024-03-26T08:32:40","modified_gmt":"2024-03-26T11:32:40","slug":"saiba-quais-foram-as-ocorrencias-na-area-do-2o-batalhao-da-pm-do-parana-divulgadas-em-26-03","status":"publish","type":"post","link":"https:\/\/noticiasregionais.com.br\/?p=2393","title":{"rendered":"Saiba quais foram as ocorr\u00eancias na \u00e1rea do 2\u00ba Batalh\u00e3o da PM do Paran\u00e1 divulgadas em 26\/03"},"content":{"rendered":"\n<figure class=\"wp-block-audio\"><audio controls src=\"https:\/\/noticiasregionais.com.br\/wp-content\/uploads\/2024\/03\/Ocorrencias-das-ultimas-horas-26MAR24.mp3\"><\/audio><\/figure>\n\n\n\n<p>O Segundo Batalh\u00e3o de Pol\u00edcia Militar foi criado pela Lei n.\u00ba 1924 de 04 de maio de 1953, tendo como sede a cidade de Apucarana-PR. Diante de uma infra-estrutura prec\u00e1ria a qual n\u00e3o absorvia as necessidades da unidade, foi necess\u00e1rio retornar \u00e0 Capital do Estado, em 1959.<\/p>\n\n\n\n<p>Em 3 de mar\u00e7o de 1967, o Segundo Batalh\u00e3o foi transferido para a cidade de Jacarezinho, passando pela Delegacia Local, posteriormente para a Rua Marechal Deodoro e por fim na BR 153 no Km 17, local este onde encontra-se at\u00e9 os dias de hoje.<\/p>\n\n\n\n<p>Atualmente o 2\u00ba BPM compreende uma regi\u00e3o de 22 cidades localizadas no Norte do Estado. Essas cidades est\u00e3o dividas entre 4 Companhias: 1\u00aa Cia &#8211; com sede em Jacarezinho, 2\u00aa Cia \u2013 com sede em Wenceslau Braz, 3\u00aa Cia \u2013 com sede em Ibaiti, e por fim a 4\u00aa Cia \u2013 com sede em Santo Ant\u00f4nio da Platina.<\/p>\n\n\n\n<p>Al\u00e9m das j\u00e1 citadas companhias, o 2\u00ba BPM conta com a ROTAM (Rondas Ostensivas T\u00e1tico M\u00f3vel), com a ROCAM (Rondas Ostensivas com Aplica\u00e7\u00e3o de Motocicletas) e com o Canil.<\/p>\n\n\n\n<h2 class=\"wp-block-heading has-text-align-center\"><strong>2\u00ba Batalh\u00e3o de Pol\u00edcia Militar &#8211; Fone: 43 3511-0700<\/strong><\/h2>\n\n\n\n<h5 class=\"wp-block-heading has-text-align-center\">Rod. Transbrasiliana (BR 153), Km 17, bairro Aeroporto, &#8211; Jacarezinho &#8211;\u00a0PR &#8211;\u00a0CEP 86400-000<br><\/h5>\n<input type=\"hidden\" id=\"baseurl\" value=\"https:\/\/noticiasregionais.com.br\"><input type=\"hidden\" id=\"audio_nonce\" value=\"3cdc555a10\">","protected":false},"excerpt":{"rendered":"<p>O Segundo Batalh\u00e3o de Pol\u00edcia Militar foi criado pela Lei n.\u00ba 1924 de 04 de maio de 1953, tendo como&hellip;<\/p>\n","protected":false},"author":1,"featured_media":2395,"comment_status":"closed","ping_status":"open","sticky":false,"template":"","format":"standard","meta":{"sfsi_plus_gutenberg_text_before_share":"","sfsi_plus_gutenberg_show_text_before_share":"","sfsi_plus_gutenberg_icon_type":"","sfsi_plus_gutenberg_icon_alignemt":"","sfsi_plus_gutenburg_max_per_row":"","footnotes":""},"categories":[7,10,1],"tags":[],"class_list":["post-2393","post","type-post","status-publish","format-standard","has-post-thumbnail","hentry","category-parana","category-destaques","category-noticias"],"_links":{"self":[{"href":"https:\/\/noticiasregionais.com.br\/index.php?rest_route=\/wp\/v2\/posts\/2393","targetHints":{"allow":["GET"]}}],"collection":[{"href":"https:\/\/noticiasregionais.com.br\/index.php?rest_route=\/wp\/v2\/posts"}],"about":[{"href":"https:\/\/noticiasregionais.com.br\/index.php?rest_route=\/wp\/v2\/types\/post"}],"author":[{"embeddable":true,"href":"https:\/\/noticiasregionais.com.br\/index.php?rest_route=\/wp\/v2\/users\/1"}],"replies":[{"embeddable":true,"href":"https:\/\/noticiasregionais.com.br\/index.php?rest_route=%2Fwp%2Fv2%2Fcomments&post=2393"}],"version-history":[{"count":2,"href":"https:\/\/noticiasregionais.com.br\/index.php?rest_route=\/wp\/v2\/posts\/2393\/revisions"}],"predecessor-version":[{"id":2398,"href":"https:\/\/noticiasregionais.com.br\/index.php?rest_route=\/wp\/v2\/posts\/2393\/revisions\/2398"}],"wp:featuredmedia":[{"embeddable":true,"href":"https:\/\/noticiasregionais.com.br\/index.php?rest_route=\/wp\/v2\/media\/2395"}],"wp:attachment":[{"href":"https:\/\/noticiasregionais.com.br\/index.php?rest_route=%2Fwp%2Fv2%2Fmedia&parent=2393"}],"wp:term":[{"taxonomy":"category","embeddable":true,"href":"https:\/\/noticiasregionais.com.br\/index.php?rest_route=%2Fwp%2Fv2%2Fcategories&post=2393"},{"taxonomy":"post_tag","embeddable":true,"href":"https:\/\/noticiasregionais.com.br\/index.php?rest_route=%2Fwp%2Fv2%2Ftags&post=2393"}],"curies":[{"name":"wp","href":"https:\/\/api.w.org\/{rel}","templated":true}]}}