{"id":2399,"date":"2024-03-26T10:01:17","date_gmt":"2024-03-26T13:01:17","guid":{"rendered":"https:\/\/noticiasregionais.com.br\/?p=2399"},"modified":"2024-03-26T10:01:19","modified_gmt":"2024-03-26T13:01:19","slug":"voce-sabe-qual-a-importancia-de-ter-prioridades-basicas-e-de-tratar-os-recursos-publicos-com-respeito","status":"publish","type":"post","link":"https:\/\/noticiasregionais.com.br\/?p=2399","title":{"rendered":"Voc\u00ea sabe qual a import\u00e2ncia de ter prioridades b\u00e1sicas e de tratar os recursos p\u00fablicos com respeito?"},"content":{"rendered":"\n<p><a target=\"_blank\" rel=\"noreferrer noopener\" href=\"https:\/\/pt.scribd.com\/document\/411253470\/TCC-FAEL-GESTAO\"><\/a><\/p>\n\n\n\n<p><a href=\"https:\/\/pt.scribd.com\/document\/411253470\/TCC-FAEL-GESTAO\" target=\"_blank\" rel=\"noreferrer noopener\"><\/a><a href=\"https:\/\/pt.scribd.com\/document\/411253470\/TCC-FAEL-GESTAO\" target=\"_blank\" rel=\"noreferrer noopener\"><\/a>A import\u00e2ncia de investir os recursos p\u00fablicos com prioridade e respeito \u00e9 fundamental para o desenvolvimento de um munic\u00edpio e para o bem-estar da sua popula\u00e7\u00e3o. Quando os recursos s\u00e3o utilizados de forma respons\u00e1vel e eficiente, eles podem gerar impactos positivos em diversas \u00e1reas, como:<\/p>\n\n\n\n<p><strong>Educa\u00e7\u00e3o:<\/strong> Investir em educa\u00e7\u00e3o significa investir no futuro do pa\u00eds. Uma popula\u00e7\u00e3o bem educada \u00e9 mais produtiva, mais inovadora e mais propensa a contribuir para o desenvolvimento da sociedade. O investimento em educa\u00e7\u00e3o pode ser feito na constru\u00e7\u00e3o de escolas, na forma\u00e7\u00e3o de professores, na compra de materiais did\u00e1ticos e na oferta de bolsas de estudo.<\/p>\n\n\n\n<p><strong>Sa\u00fade:<\/strong> A sa\u00fade \u00e9 outro setor essencial que precisa ser priorizado pelos governos. Investir em sa\u00fade significa garantir que a popula\u00e7\u00e3o tenha acesso a servi\u00e7os de sa\u00fade de qualidade, desde a aten\u00e7\u00e3o b\u00e1sica at\u00e9 a alta complexidade. O investimento em sa\u00fade pode ser feito na constru\u00e7\u00e3o de hospitais e postos de sa\u00fade, na compra de equipamentos m\u00e9dicos, na contrata\u00e7\u00e3o de profissionais de sa\u00fade e na oferta de programas de preven\u00e7\u00e3o e promo\u00e7\u00e3o da sa\u00fade.<\/p>\n\n\n\n<p><strong>Infraestrutura:<\/strong> A infraestrutura \u00e9 a base para o desenvolvimento de qualquer pa\u00eds. Uma boa infraestrutura facilita o escoamento da produ\u00e7\u00e3o, atrai investimentos e melhora a qualidade de vida da popula\u00e7\u00e3o. O investimento em infraestrutura pode ser feito na constru\u00e7\u00e3o de estradas, pontes, ruas, aeroportos, parques e redes de energia e telecomunica\u00e7\u00f5es.<\/p>\n\n\n\n<p><strong>Seguran\u00e7a p\u00fablica:<\/strong> A seguran\u00e7a p\u00fablica \u00e9 um direito fundamental que deve ser garantido pelo Estado. Investir em seguran\u00e7a p\u00fablica significa garantir que a popula\u00e7\u00e3o possa viver em paz e seguran\u00e7a. O investimento em seguran\u00e7a p\u00fablica pode ser feito na contrata\u00e7\u00e3o de mais agentes, na compra de equipamentos de seguran\u00e7a e na implementa\u00e7\u00e3o de programas de preven\u00e7\u00e3o \u00e0 viol\u00eancia.<\/p>\n\n\n\n<p><strong>Assist\u00eancia social:<\/strong> A assist\u00eancia social \u00e9 fundamental para garantir a prote\u00e7\u00e3o social das pessoas mais necessitadas. Investir em assist\u00eancia social significa garantir que essas pessoas tenham acesso a servi\u00e7os b\u00e1sicos como alimenta\u00e7\u00e3o, moradia, sa\u00fade e educa\u00e7\u00e3o. O investimento em assist\u00eancia social pode ser feito na cria\u00e7\u00e3o de programas de transfer\u00eancia de renda, na constru\u00e7\u00e3o de abrigos e na oferta de servi\u00e7os de apoio social.<\/p>\n\n\n\n<p><strong>Respeito aos princ\u00edpios da administra\u00e7\u00e3o p\u00fablica:<\/strong> Al\u00e9m de investir em \u00e1reas priorit\u00e1rias, \u00e9 importante que os recursos p\u00fablicos sejam utilizados com respeito aos princ\u00edpios da administra\u00e7\u00e3o p\u00fablica, como legalidade, impessoalidade, moralidade, publicidade e efici\u00eancia. Isso significa que os recursos devem ser utilizados de forma legal, justa, transparente e eficiente.<\/p>\n\n\n\n<p><strong>Combate \u00e0 corrup\u00e7\u00e3o:<\/strong> A corrup\u00e7\u00e3o \u00e9 um dos principais problemas que afetam a gest\u00e3o dos recursos p\u00fablicos. O combate \u00e0 corrup\u00e7\u00e3o \u00e9 essencial para garantir que os recursos sejam utilizados de forma correta e para evitar o desperd\u00edcio de dinheiro p\u00fablico.<\/p>\n\n\n\n<p><strong>Participa\u00e7\u00e3o social:<\/strong> A participa\u00e7\u00e3o social \u00e9 fundamental para garantir que os recursos p\u00fablicos sejam utilizados de forma transparente e respons\u00e1vel. A sociedade civil deve ter acesso \u00e0s informa\u00e7\u00f5es sobre a gest\u00e3o dos recursos p\u00fablicos e deve poder participar das decis\u00f5es sobre como esses recursos ser\u00e3o utilizados.<\/p>\n\n\n\n<p>Investir os recursos p\u00fablicos com prioridade e respeito \u00e9 essencial para garantir o desenvolvimento de um pa\u00eds e para o bem-estar da sua popula\u00e7\u00e3o. Quando os recursos s\u00e3o utilizados de forma respons\u00e1vel e eficiente, eles podem gerar impactos positivos em diversas \u00e1reas, como educa\u00e7\u00e3o, sa\u00fade, infraestrutura, seguran\u00e7a p\u00fablica, assist\u00eancia social e combate \u00e0 corrup\u00e7\u00e3o. A participa\u00e7\u00e3o social \u00e9 fundamental para garantir que os recursos p\u00fablicos sejam utilizados de forma transparente e respons\u00e1vel.<\/p>\n<input type=\"hidden\" id=\"baseurl\" value=\"https:\/\/noticiasregionais.com.br\"><input type=\"hidden\" id=\"audio_nonce\" value=\"533fbb67b1\">","protected":false},"excerpt":{"rendered":"<p>A import\u00e2ncia de investir os recursos p\u00fablicos com prioridade e respeito \u00e9 fundamental para o desenvolvimento de um munic\u00edpio e&hellip;<\/p>\n","protected":false},"author":1,"featured_media":2400,"comment_status":"closed","ping_status":"open","sticky":false,"template":"","format":"standard","meta":{"sfsi_plus_gutenberg_text_before_share":"","sfsi_plus_gutenberg_show_text_before_share":"","sfsi_plus_gutenberg_icon_type":"","sfsi_plus_gutenberg_icon_alignemt":"","sfsi_plus_gutenburg_max_per_row":"","footnotes":""},"categories":[5,12,1],"tags":[],"class_list":["post-2399","post","type-post","status-publish","format-standard","has-post-thumbnail","hentry","category-ourinhos","category-capa","category-noticias"],"_links":{"self":[{"href":"https:\/\/noticiasregionais.com.br\/index.php?rest_route=\/wp\/v2\/posts\/2399","targetHints":{"allow":["GET"]}}],"collection":[{"href":"https:\/\/noticiasregionais.com.br\/index.php?rest_route=\/wp\/v2\/posts"}],"about":[{"href":"https:\/\/noticiasregionais.com.br\/index.php?rest_route=\/wp\/v2\/types\/post"}],"author":[{"embeddable":true,"href":"https:\/\/noticiasregionais.com.br\/index.php?rest_route=\/wp\/v2\/users\/1"}],"replies":[{"embeddable":true,"href":"https:\/\/noticiasregionais.com.br\/index.php?rest_route=%2Fwp%2Fv2%2Fcomments&post=2399"}],"version-history":[{"count":1,"href":"https:\/\/noticiasregionais.com.br\/index.php?rest_route=\/wp\/v2\/posts\/2399\/revisions"}],"predecessor-version":[{"id":2401,"href":"https:\/\/noticiasregionais.com.br\/index.php?rest_route=\/wp\/v2\/posts\/2399\/revisions\/2401"}],"wp:featuredmedia":[{"embeddable":true,"href":"https:\/\/noticiasregionais.com.br\/index.php?rest_route=\/wp\/v2\/media\/2400"}],"wp:attachment":[{"href":"https:\/\/noticiasregionais.com.br\/index.php?rest_route=%2Fwp%2Fv2%2Fmedia&parent=2399"}],"wp:term":[{"taxonomy":"category","embeddable":true,"href":"https:\/\/noticiasregionais.com.br\/index.php?rest_route=%2Fwp%2Fv2%2Fcategories&post=2399"},{"taxonomy":"post_tag","embeddable":true,"href":"https:\/\/noticiasregionais.com.br\/index.php?rest_route=%2Fwp%2Fv2%2Ftags&post=2399"}],"curies":[{"name":"wp","href":"https:\/\/api.w.org\/{rel}","templated":true}]}}