{"id":2408,"date":"2024-03-27T07:03:01","date_gmt":"2024-03-27T10:03:01","guid":{"rendered":"https:\/\/noticiasregionais.com.br\/?p=2408"},"modified":"2024-03-27T07:03:12","modified_gmt":"2024-03-27T10:03:12","slug":"educacao-financeira-mais-de-um-milhao-de-alunos-vao-aprender-a-lidar-com-o-dinheiro","status":"publish","type":"post","link":"https:\/\/noticiasregionais.com.br\/?p=2408","title":{"rendered":"Educa\u00e7\u00e3o financeira: Mais de um milh\u00e3o de alunos v\u00e3o aprender a lidar com o dinheiro"},"content":{"rendered":"\n<p class=\"has-text-align-center\"><strong>Disciplina foi inclu\u00edda neste ano no curr\u00edculo escolar das tr\u00eas s\u00e9ries do Ensino M\u00e9dio e dos 8\u00ba e 9\u00ba anos do Ensino Fundamental<\/strong><\/p>\n\n\n\n<p>Com a mudan\u00e7a da matriz curricular, a Secretaria da Educa\u00e7\u00e3o do Estado de S\u00e3o Paulo (<a href=\"https:\/\/www.educacao.sp.gov.br\/\" target=\"_blank\" rel=\"noreferrer noopener\">Seduc-SP<\/a>) incluiu aulas de educa\u00e7\u00e3o financeira no curr\u00edculo das tr\u00eas s\u00e9ries do Ensino M\u00e9dio e dos 8\u00ba e 9\u00ba anos do Ensino Fundamental. A proposta pretende ampliar o aprendizado de matem\u00e1tica e permitir a constru\u00e7\u00e3o de uma rela\u00e7\u00e3o saud\u00e1vel com o dinheiro.<\/p>\n\n\n\n<p>Mais de um milh\u00e3o de estudantes t\u00eam acesso semanal \u00e0s aulas, com material did\u00e1tico constru\u00eddo pela Coordenadoria Pedag\u00f3gica da Educa\u00e7\u00e3o de SP. O professor Rafael Jos\u00e9 Dombrauskas Polonio, t\u00e9cnico da equipe curricular de matem\u00e1tica, conta como as aulas foram pensadas: \u201cO curr\u00edculo permite que os jovens compreendam o valor do dinheiro, desenvolvam h\u00e1bitos saud\u00e1veis de consumo e poupan\u00e7a, e construam uma base s\u00f3lida para o futuro. Na vida adulta, essa base se traduz em maior seguran\u00e7a e autonomia para lidar com diferentes situa\u00e7\u00f5es financeiras\u201d.<\/p>\n\n\n\n<p>As escolas que j\u00e1 trabalhavam o assunto com seus estudantes nas atividades complementares do Programa de Ensino Integral (PEI) t\u00eam tido resultados positivos das aulas de educa\u00e7\u00e3o financeira. \u00c9 o caso da Escola Estadual Pio X, em S\u00e3o Jos\u00e9 do Rio Preto, no interior do estado. Pais e estudantes foram incentivados a engajarem nas atividades e, hoje, os alunos t\u00eam at\u00e9 uma moeda virtual interna, a Pio Coins, e um sistema de recompensas com base no desempenho escolar.<\/p>\n<input type=\"hidden\" id=\"baseurl\" value=\"https:\/\/noticiasregionais.com.br\"><input type=\"hidden\" id=\"audio_nonce\" value=\"533fbb67b1\">","protected":false},"excerpt":{"rendered":"<p>Disciplina foi inclu\u00edda neste ano no curr\u00edculo escolar das tr\u00eas s\u00e9ries do Ensino M\u00e9dio e dos 8\u00ba e 9\u00ba anos&hellip;<\/p>\n","protected":false},"author":1,"featured_media":2409,"comment_status":"closed","ping_status":"open","sticky":false,"template":"","format":"standard","meta":{"sfsi_plus_gutenberg_text_before_share":"","sfsi_plus_gutenberg_show_text_before_share":"","sfsi_plus_gutenberg_icon_type":"","sfsi_plus_gutenberg_icon_alignemt":"","sfsi_plus_gutenburg_max_per_row":"","footnotes":""},"categories":[6,10,1],"tags":[],"class_list":["post-2408","post","type-post","status-publish","format-standard","has-post-thumbnail","hentry","category-sao_paulo","category-destaques","category-noticias"],"_links":{"self":[{"href":"https:\/\/noticiasregionais.com.br\/index.php?rest_route=\/wp\/v2\/posts\/2408","targetHints":{"allow":["GET"]}}],"collection":[{"href":"https:\/\/noticiasregionais.com.br\/index.php?rest_route=\/wp\/v2\/posts"}],"about":[{"href":"https:\/\/noticiasregionais.com.br\/index.php?rest_route=\/wp\/v2\/types\/post"}],"author":[{"embeddable":true,"href":"https:\/\/noticiasregionais.com.br\/index.php?rest_route=\/wp\/v2\/users\/1"}],"replies":[{"embeddable":true,"href":"https:\/\/noticiasregionais.com.br\/index.php?rest_route=%2Fwp%2Fv2%2Fcomments&post=2408"}],"version-history":[{"count":1,"href":"https:\/\/noticiasregionais.com.br\/index.php?rest_route=\/wp\/v2\/posts\/2408\/revisions"}],"predecessor-version":[{"id":2410,"href":"https:\/\/noticiasregionais.com.br\/index.php?rest_route=\/wp\/v2\/posts\/2408\/revisions\/2410"}],"wp:featuredmedia":[{"embeddable":true,"href":"https:\/\/noticiasregionais.com.br\/index.php?rest_route=\/wp\/v2\/media\/2409"}],"wp:attachment":[{"href":"https:\/\/noticiasregionais.com.br\/index.php?rest_route=%2Fwp%2Fv2%2Fmedia&parent=2408"}],"wp:term":[{"taxonomy":"category","embeddable":true,"href":"https:\/\/noticiasregionais.com.br\/index.php?rest_route=%2Fwp%2Fv2%2Fcategories&post=2408"},{"taxonomy":"post_tag","embeddable":true,"href":"https:\/\/noticiasregionais.com.br\/index.php?rest_route=%2Fwp%2Fv2%2Ftags&post=2408"}],"curies":[{"name":"wp","href":"https:\/\/api.w.org\/{rel}","templated":true}]}}