{"id":2411,"date":"2024-03-28T07:19:31","date_gmt":"2024-03-28T10:19:31","guid":{"rendered":"https:\/\/noticiasregionais.com.br\/?p=2411"},"modified":"2024-03-28T14:48:56","modified_gmt":"2024-03-28T17:48:56","slug":"abuso-de-poder-nas-eleicoes-entenda-os-riscos-e-as-consequencias","status":"publish","type":"post","link":"https:\/\/noticiasregionais.com.br\/?p=2411","title":{"rendered":"Abuso de poder nas elei\u00e7\u00f5es: entenda os riscos e as consequ\u00eancias"},"content":{"rendered":"\n<p class=\"has-text-align-center\"><strong>O que \u00e9 e como identificar o abuso de poder pol\u00edtico e econ\u00f4mico nas campanhas eleitorais<\/strong><\/p>\n\n\n\n<p>A Lei da Ficha Limpa (Lei Complementar n\u00ba 135\/2010) pune com a inelegibilidade de oito anos candidatos que pratiquem abuso de poder pol\u00edtico ou econ\u00f4mico nas elei\u00e7\u00f5es. O Tribunal Superior Eleitoral (TSE) define esses tipos de abuso como a utiliza\u00e7\u00e3o indevida de recursos ou do poder para influenciar o voto dos eleitores.<\/p>\n\n\n\n<p><strong>Provas concretas s\u00e3o necess\u00e1rias<\/strong><\/p>\n\n\n\n<p>Para que o abuso de poder seja comprovado, o TSE exige provas concretas e indiscut\u00edveis dos fatos denunciados. A gravidade das circunst\u00e2ncias tamb\u00e9m \u00e9 levada em considera\u00e7\u00e3o.<\/p>\n\n\n\n<p><strong>Abuso de poder econ\u00f4mico<\/strong><\/p>\n\n\n\n<p>Ocorre quando h\u00e1 uso excessivo de recursos financeiros ou patrimoniais para beneficiar um candidato, partido ou coliga\u00e7\u00e3o. Isso pode ser feito de diversas formas, como:<\/p>\n\n\n\n<ul class=\"wp-block-list\">\n<li>Doa\u00e7\u00f5es ilegais;<\/li>\n\n\n\n<li>Compra de votos;<\/li>\n\n\n\n<li>Uso de empresas fantasmas para financiar campanhas;<\/li>\n\n\n\n<li>Propaganda eleitoral irregular.<\/li>\n<\/ul>\n\n\n\n<p><strong>Abuso de poder pol\u00edtico<\/strong><\/p>\n\n\n\n<p>Acontece quando o detentor do poder se vale de sua posi\u00e7\u00e3o para influenciar o voto dos eleitores. Isso pode ser feito de diversas formas, como:<\/p>\n\n\n\n<ul class=\"wp-block-list\">\n<li>Uso da m\u00e1quina p\u00fablica para beneficiar um candidato;<\/li>\n\n\n\n<li>Coer\u00e7\u00e3o de servidores p\u00fablicos;<\/li>\n\n\n\n<li>Favorecimento de empresas em troca de apoio pol\u00edtico;<\/li>\n\n\n\n<li>Uso de programas sociais para fins eleitoreiros.<\/li>\n<\/ul>\n\n\n\n<p><strong>Preocupa\u00e7\u00e3o com a reelei\u00e7\u00e3o<\/strong><\/p>\n\n\n\n<p>A preocupa\u00e7\u00e3o com o abuso do poder pol\u00edtico nas elei\u00e7\u00f5es ganhou for\u00e7a ap\u00f3s a inclus\u00e3o da reelei\u00e7\u00e3o no processo eleitoral brasileiro. Isso porque os chefes do Poder Executivo podem usar a m\u00e1quina p\u00fablica para se reelegerem ou eleger um sucessor.<\/p>\n\n\n\n<p><strong>Medidas para combater o abuso de poder<\/strong><\/p>\n\n\n\n<p>A Constitui\u00e7\u00e3o Federal pro\u00edbe o abuso do poder pol\u00edtico e econ\u00f4mico nas elei\u00e7\u00f5es. A Lei da Ficha Limpa tamb\u00e9m contribui para combater esse tipo de crime.<\/p>\n\n\n\n<p><strong>\u00c9 importante que os eleitores fiquem atentos a qualquer sinal de abuso de poder e denunciem \u00e0s autoridades competentes.<\/strong><\/p>\n\n\n\n<p><strong>Den\u00fancias<\/strong><\/p>\n\n\n\n<p>As den\u00fancias de abuso de poder podem ser feitas \u00e0 Justi\u00e7a Eleitoral, ao Minist\u00e9rio P\u00fablico Eleitoral ou \u00e0 Pol\u00edcia Federal.<\/p>\n\n\n\n<p><strong>Fique por dentro<\/strong><\/p>\n\n\n\n<p>Para saber mais sobre o assunto, consulte o Gloss\u00e1rio Eleitoral dispon\u00edvel no Portal do TSE.<\/p>\n\n\n\n<p><strong>Lembre-se:<\/strong><\/p>\n\n\n\n<ul class=\"wp-block-list\">\n<li>O abuso de poder \u00e9 um crime que atenta contra a democracia;<\/li>\n\n\n\n<li>\u00c9 importante denunciar qualquer sinal de abuso de poder;<\/li>\n\n\n\n<li>A participa\u00e7\u00e3o dos eleitores \u00e9 fundamental para combater esse tipo de crime.<\/li>\n<\/ul>\n<input type=\"hidden\" id=\"baseurl\" value=\"https:\/\/noticiasregionais.com.br\"><input type=\"hidden\" id=\"audio_nonce\" value=\"533fbb67b1\">","protected":false},"excerpt":{"rendered":"<p>O que \u00e9 e como identificar o abuso de poder pol\u00edtico e econ\u00f4mico nas campanhas eleitorais A Lei da Ficha&hellip;<\/p>\n","protected":false},"author":1,"featured_media":2412,"comment_status":"closed","ping_status":"open","sticky":false,"template":"","format":"standard","meta":{"sfsi_plus_gutenberg_text_before_share":"","sfsi_plus_gutenberg_show_text_before_share":"","sfsi_plus_gutenberg_icon_type":"","sfsi_plus_gutenberg_icon_alignemt":"","sfsi_plus_gutenburg_max_per_row":"","footnotes":""},"categories":[6,10,1],"tags":[],"class_list":["post-2411","post","type-post","status-publish","format-standard","has-post-thumbnail","hentry","category-sao_paulo","category-destaques","category-noticias"],"_links":{"self":[{"href":"https:\/\/noticiasregionais.com.br\/index.php?rest_route=\/wp\/v2\/posts\/2411","targetHints":{"allow":["GET"]}}],"collection":[{"href":"https:\/\/noticiasregionais.com.br\/index.php?rest_route=\/wp\/v2\/posts"}],"about":[{"href":"https:\/\/noticiasregionais.com.br\/index.php?rest_route=\/wp\/v2\/types\/post"}],"author":[{"embeddable":true,"href":"https:\/\/noticiasregionais.com.br\/index.php?rest_route=\/wp\/v2\/users\/1"}],"replies":[{"embeddable":true,"href":"https:\/\/noticiasregionais.com.br\/index.php?rest_route=%2Fwp%2Fv2%2Fcomments&post=2411"}],"version-history":[{"count":2,"href":"https:\/\/noticiasregionais.com.br\/index.php?rest_route=\/wp\/v2\/posts\/2411\/revisions"}],"predecessor-version":[{"id":2415,"href":"https:\/\/noticiasregionais.com.br\/index.php?rest_route=\/wp\/v2\/posts\/2411\/revisions\/2415"}],"wp:featuredmedia":[{"embeddable":true,"href":"https:\/\/noticiasregionais.com.br\/index.php?rest_route=\/wp\/v2\/media\/2412"}],"wp:attachment":[{"href":"https:\/\/noticiasregionais.com.br\/index.php?rest_route=%2Fwp%2Fv2%2Fmedia&parent=2411"}],"wp:term":[{"taxonomy":"category","embeddable":true,"href":"https:\/\/noticiasregionais.com.br\/index.php?rest_route=%2Fwp%2Fv2%2Fcategories&post=2411"},{"taxonomy":"post_tag","embeddable":true,"href":"https:\/\/noticiasregionais.com.br\/index.php?rest_route=%2Fwp%2Fv2%2Ftags&post=2411"}],"curies":[{"name":"wp","href":"https:\/\/api.w.org\/{rel}","templated":true}]}}