{"id":2416,"date":"2024-03-27T07:31:06","date_gmt":"2024-03-27T10:31:06","guid":{"rendered":"https:\/\/noticiasregionais.com.br\/?p=2416"},"modified":"2024-03-27T07:31:18","modified_gmt":"2024-03-27T10:31:18","slug":"passageiro-e-preso-por-trafico-de-drogas-na-rodovia-raposo-tavares","status":"publish","type":"post","link":"https:\/\/noticiasregionais.com.br\/?p=2416","title":{"rendered":"Passageiro \u00e9 preso por tr\u00e1fico de drogas na Rodovia Raposo Tavares"},"content":{"rendered":"\n<p>Na tarde de ontem (26), por volta das 18h10, a equipe de Comando da 1\u00aa Pel da 3\u00aa Cia do 2\u00b0 BPRv abordou um \u00f4nibus interestadual na Rodovia Raposo Tavares, km 413,400, em Palmital\/SP, durante a Opera\u00e7\u00e3o Impacto.<\/p>\n\n\n\n<p>O ve\u00edculo, que fazia a linha Corumb\u00e1 x S\u00e3o Paulo, transportava 32 passageiros bolivianos. Durante a vistoria, os policiais notaram um volume anormal sob as vestes do passageiro que ocupava a poltrona n\u00ba 18.<\/p>\n\n\n\n<p>Ap\u00f3s busca pessoal, foram localizados dezenas de inv\u00f3lucros contendo cloridrato de coca\u00edna, totalizando 0,470 kg, e uma por\u00e7\u00e3o de folhas de coca (0,020 kg) em sua bolsa.<\/p>\n\n\n\n<p>O passageiro, que n\u00e3o possui antecedentes criminais, foi preso em flagrante e levado \u00e0 CPJ de Assis\/SP. Ele permaneceu preso \u00e0 disposi\u00e7\u00e3o da Justi\u00e7a.<\/p>\n\n\n\n<p><strong>A\u00e7\u00e3o Integrada<\/strong><\/p>\n\n\n\n<p>A pris\u00e3o \u00e9 resultado da intensifica\u00e7\u00e3o do policiamento ostensivo e preventivo nas rodovias estaduais, visando coibir o tr\u00e1fico de drogas e outros crimes. A Opera\u00e7\u00e3o Impacto conta com a participa\u00e7\u00e3o de diversas unidades do Batalh\u00e3o de Pol\u00edcia Rodovi\u00e1ria, com foco na fiscaliza\u00e7\u00e3o de ve\u00edculos e pessoas em pontos estrat\u00e9gicos das rodovias.<\/p>\n\n\n\n<p><strong>Importante<\/strong><\/p>\n\n\n\n<p>A Pol\u00edcia Rodovi\u00e1ria refor\u00e7a a import\u00e2ncia da colabora\u00e7\u00e3o da popula\u00e7\u00e3o para o combate ao tr\u00e1fico de drogas. Den\u00fancias podem ser feitas pelo telefone 190 ou pelo Disque Den\u00fancia 181.<\/p>\n\n\n\n<p><strong>Com informa\u00e7\u00f5es:<\/strong><\/p>\n\n\n\n<ul class=\"wp-block-list\">\n<li>1\u00b0 Pel da 3\u00aa Cia do 2\u00b0 BPRv<\/li>\n\n\n\n<li>Assessoria de Imprensa da Pol\u00edcia Militar Rodovi\u00e1ria<\/li>\n<\/ul>\n<input type=\"hidden\" id=\"baseurl\" value=\"https:\/\/noticiasregionais.com.br\"><input type=\"hidden\" id=\"audio_nonce\" value=\"533fbb67b1\">","protected":false},"excerpt":{"rendered":"<p>Na tarde de ontem (26), por volta das 18h10, a equipe de Comando da 1\u00aa Pel da 3\u00aa Cia do&hellip;<\/p>\n","protected":false},"author":1,"featured_media":2417,"comment_status":"closed","ping_status":"open","sticky":false,"template":"","format":"standard","meta":{"sfsi_plus_gutenberg_text_before_share":"","sfsi_plus_gutenberg_show_text_before_share":"","sfsi_plus_gutenberg_icon_type":"","sfsi_plus_gutenberg_icon_alignemt":"","sfsi_plus_gutenburg_max_per_row":"","footnotes":""},"categories":[6,10,1],"tags":[],"class_list":["post-2416","post","type-post","status-publish","format-standard","has-post-thumbnail","hentry","category-sao_paulo","category-destaques","category-noticias"],"_links":{"self":[{"href":"https:\/\/noticiasregionais.com.br\/index.php?rest_route=\/wp\/v2\/posts\/2416","targetHints":{"allow":["GET"]}}],"collection":[{"href":"https:\/\/noticiasregionais.com.br\/index.php?rest_route=\/wp\/v2\/posts"}],"about":[{"href":"https:\/\/noticiasregionais.com.br\/index.php?rest_route=\/wp\/v2\/types\/post"}],"author":[{"embeddable":true,"href":"https:\/\/noticiasregionais.com.br\/index.php?rest_route=\/wp\/v2\/users\/1"}],"replies":[{"embeddable":true,"href":"https:\/\/noticiasregionais.com.br\/index.php?rest_route=%2Fwp%2Fv2%2Fcomments&post=2416"}],"version-history":[{"count":1,"href":"https:\/\/noticiasregionais.com.br\/index.php?rest_route=\/wp\/v2\/posts\/2416\/revisions"}],"predecessor-version":[{"id":2418,"href":"https:\/\/noticiasregionais.com.br\/index.php?rest_route=\/wp\/v2\/posts\/2416\/revisions\/2418"}],"wp:featuredmedia":[{"embeddable":true,"href":"https:\/\/noticiasregionais.com.br\/index.php?rest_route=\/wp\/v2\/media\/2417"}],"wp:attachment":[{"href":"https:\/\/noticiasregionais.com.br\/index.php?rest_route=%2Fwp%2Fv2%2Fmedia&parent=2416"}],"wp:term":[{"taxonomy":"category","embeddable":true,"href":"https:\/\/noticiasregionais.com.br\/index.php?rest_route=%2Fwp%2Fv2%2Fcategories&post=2416"},{"taxonomy":"post_tag","embeddable":true,"href":"https:\/\/noticiasregionais.com.br\/index.php?rest_route=%2Fwp%2Fv2%2Ftags&post=2416"}],"curies":[{"name":"wp","href":"https:\/\/api.w.org\/{rel}","templated":true}]}}