{"id":2419,"date":"2024-03-27T14:27:29","date_gmt":"2024-03-27T17:27:29","guid":{"rendered":"https:\/\/noticiasregionais.com.br\/?p=2419"},"modified":"2024-03-27T14:27:52","modified_gmt":"2024-03-27T17:27:52","slug":"traficante-e-preso-em-espirito-santo-do-turvo-com-44-porcoes-de-cocaina","status":"publish","type":"post","link":"https:\/\/noticiasregionais.com.br\/?p=2419","title":{"rendered":"Traficante \u00e9 preso em Esp\u00edrito Santo do Turvo com 44 por\u00e7\u00f5es de coca\u00edna"},"content":{"rendered":"\n<p>Na manh\u00e3 de hoje (27), a Pol\u00edcia Militar, por meio da Equipe K9 do 13\u00ba BAEP e da Pol\u00edcia Civil, prendeu Ivan R. S., de 22 anos, pelo crime de tr\u00e1fico de drogas. A a\u00e7\u00e3o aconteceu na Rua Rui Barbosa, no Centro de Esp\u00edrito Santo do Turvo.<\/p>\n\n\n\n<p>Ap\u00f3s a expedi\u00e7\u00e3o de um mandado de busca e apreens\u00e3o, as equipes se dirigiram ao endere\u00e7o, onde o c\u00e3o farejador Draco localizou 44 por\u00e7\u00f5es de coca\u00edna (totalizando 0,018 kg), um aparelho celular e R$ 80,00 em dinheiro.<\/p>\n\n\n\n<p>Diante do flagrante, Ivan foi preso e conduzido \u00e0 Delegacia de Pol\u00edcia de Esp\u00edrito Santo do Turvo. O delegado Valdir Alves de Oliveira autuou o indiciado por tr\u00e1fico de drogas e o recolheu \u00e0 Central de Pol\u00edcia Judici\u00e1ria de Ourinhos, onde ele permanecer\u00e1 \u00e0 disposi\u00e7\u00e3o da justi\u00e7a.<\/p>\n\n\n\n<p><strong>A\u00e7\u00e3o refor\u00e7a combate ao tr\u00e1fico de drogas na regi\u00e3o<\/strong><\/p>\n\n\n\n<p>A pris\u00e3o de Ivan \u00e9 resultado do trabalho conjunto da Pol\u00edcia Militar e da Pol\u00edcia Civil no combate ao tr\u00e1fico de drogas na regi\u00e3o. A a\u00e7\u00e3o demonstra o compromisso das for\u00e7as de seguran\u00e7a em garantir a ordem p\u00fablica e a seguran\u00e7a da popula\u00e7\u00e3o.<\/p>\n\n\n\n<figure class=\"wp-block-image size-large\"><img decoding=\"async\" width=\"959\" height=\"1024\" src=\"https:\/\/noticiasregionais.com.br\/wp-content\/uploads\/2024\/03\/WhatsApp-Image-2024-03-27-at-14.21.41-959x1024.jpeg\" alt=\"\" class=\"wp-image-2420\" srcset=\"https:\/\/noticiasregionais.com.br\/wp-content\/uploads\/2024\/03\/WhatsApp-Image-2024-03-27-at-14.21.41-959x1024.jpeg 959w, https:\/\/noticiasregionais.com.br\/wp-content\/uploads\/2024\/03\/WhatsApp-Image-2024-03-27-at-14.21.41-281x300.jpeg 281w, https:\/\/noticiasregionais.com.br\/wp-content\/uploads\/2024\/03\/WhatsApp-Image-2024-03-27-at-14.21.41-768x820.jpeg 768w, https:\/\/noticiasregionais.com.br\/wp-content\/uploads\/2024\/03\/WhatsApp-Image-2024-03-27-at-14.21.41-1438x1536.jpeg 1438w, https:\/\/noticiasregionais.com.br\/wp-content\/uploads\/2024\/03\/WhatsApp-Image-2024-03-27-at-14.21.41.jpeg 1498w\" sizes=\"(max-width: 959px) 100vw, 959px\" \/><\/figure>\n<input type=\"hidden\" id=\"baseurl\" value=\"https:\/\/noticiasregionais.com.br\"><input type=\"hidden\" id=\"audio_nonce\" value=\"533fbb67b1\">","protected":false},"excerpt":{"rendered":"<p>Na manh\u00e3 de hoje (27), a Pol\u00edcia Militar, por meio da Equipe K9 do 13\u00ba BAEP e da Pol\u00edcia Civil,&hellip;<\/p>\n","protected":false},"author":1,"featured_media":2422,"comment_status":"closed","ping_status":"open","sticky":false,"template":"","format":"standard","meta":{"sfsi_plus_gutenberg_text_before_share":"","sfsi_plus_gutenberg_show_text_before_share":"","sfsi_plus_gutenberg_icon_type":"","sfsi_plus_gutenberg_icon_alignemt":"","sfsi_plus_gutenburg_max_per_row":"","footnotes":""},"categories":[6,10,1],"tags":[],"class_list":["post-2419","post","type-post","status-publish","format-standard","has-post-thumbnail","hentry","category-sao_paulo","category-destaques","category-noticias"],"_links":{"self":[{"href":"https:\/\/noticiasregionais.com.br\/index.php?rest_route=\/wp\/v2\/posts\/2419","targetHints":{"allow":["GET"]}}],"collection":[{"href":"https:\/\/noticiasregionais.com.br\/index.php?rest_route=\/wp\/v2\/posts"}],"about":[{"href":"https:\/\/noticiasregionais.com.br\/index.php?rest_route=\/wp\/v2\/types\/post"}],"author":[{"embeddable":true,"href":"https:\/\/noticiasregionais.com.br\/index.php?rest_route=\/wp\/v2\/users\/1"}],"replies":[{"embeddable":true,"href":"https:\/\/noticiasregionais.com.br\/index.php?rest_route=%2Fwp%2Fv2%2Fcomments&post=2419"}],"version-history":[{"count":2,"href":"https:\/\/noticiasregionais.com.br\/index.php?rest_route=\/wp\/v2\/posts\/2419\/revisions"}],"predecessor-version":[{"id":2424,"href":"https:\/\/noticiasregionais.com.br\/index.php?rest_route=\/wp\/v2\/posts\/2419\/revisions\/2424"}],"wp:featuredmedia":[{"embeddable":true,"href":"https:\/\/noticiasregionais.com.br\/index.php?rest_route=\/wp\/v2\/media\/2422"}],"wp:attachment":[{"href":"https:\/\/noticiasregionais.com.br\/index.php?rest_route=%2Fwp%2Fv2%2Fmedia&parent=2419"}],"wp:term":[{"taxonomy":"category","embeddable":true,"href":"https:\/\/noticiasregionais.com.br\/index.php?rest_route=%2Fwp%2Fv2%2Fcategories&post=2419"},{"taxonomy":"post_tag","embeddable":true,"href":"https:\/\/noticiasregionais.com.br\/index.php?rest_route=%2Fwp%2Fv2%2Ftags&post=2419"}],"curies":[{"name":"wp","href":"https:\/\/api.w.org\/{rel}","templated":true}]}}