{"id":2425,"date":"2024-03-27T14:34:44","date_gmt":"2024-03-27T17:34:44","guid":{"rendered":"https:\/\/noticiasregionais.com.br\/?p=2425"},"modified":"2024-03-27T14:34:55","modified_gmt":"2024-03-27T17:34:55","slug":"prf-inicia-operacao-semana-santa-2024-na-br-153","status":"publish","type":"post","link":"https:\/\/noticiasregionais.com.br\/?p=2425","title":{"rendered":"PRF inicia Opera\u00e7\u00e3o Semana Santa 2024 na BR 153"},"content":{"rendered":"\n<p class=\"has-text-align-center\"><strong>Durante os quatro dias de opera\u00e7\u00e3o, a PRF intensificar\u00e1 o policiamento no trecho federal que corta o estado de S\u00e3o Paulo.<\/strong><\/p>\n\n\n\n<p>A Pol\u00edcia Rodovi\u00e1ria Federal inicia \u00e0s 00h00 desta quinta-feira (28), a Opera\u00e7\u00e3o Semana Santa 2024, que ir\u00e1 se estender at\u00e9 \u00e0s 23h59 do dia 31 de mar\u00e7o, cobrindo todo o per\u00edodo de feriado.<\/p>\n\n\n\n<p>O principal objetivo da opera\u00e7\u00e3o \u00e9 garantir a seguran\u00e7a vi\u00e1ria e assegurar o tr\u00e1fego seguro aos motoristas e passageiros que passarem pela BR 153, dado que, em per\u00edodo de feriado, \u00e9 not\u00f3rio que ocorre um aumento significativo no volume de ve\u00edculos nas rodovias federais, o que pode acarretar um aumento nas incid\u00eancias de tr\u00e2nsito.<\/p>\n\n\n\n<p>Visando reduzir o n\u00famero de acidentes e demais eventualidades, a PRF refor\u00e7ar\u00e1 a aten\u00e7\u00e3o para os casos de embriaguez ao volante e ultrapassagem proibida. O uso do cinto de seguran\u00e7a e da cadeirinha para crian\u00e7as tamb\u00e9m ser\u00e1 alvo de intensa fiscaliza\u00e7\u00e3o.<\/p>\n\n\n\n<p>Al\u00e9m disso, os policiais ser\u00e3o distribu\u00eddos de forma estrat\u00e9gica nos pontos considerados mais cr\u00edticos, onde h\u00e1 maior n\u00famero de incid\u00eancias, com o intuito de garantir a seguran\u00e7a dos condutores, passageiros e pedestres, represando condutas que possam afetar a seguran\u00e7a vi\u00e1ria.<\/p>\n\n\n\n<p>A imin\u00eancia de chuvas durante o feriado refor\u00e7a a import\u00e2ncia da manuten\u00e7\u00e3o preventiva do ve\u00edculo, especialmente no tocante aos freios, suspens\u00e3o e pneus.<\/p>\n\n\n\n<p>Em caso de deparar com trechos com ac\u00famulo de \u00e1gua sobre o asfalto, reduza a velocidade e mantenha as m\u00e3os firmes no volante, a fim de reduzir os riscos da aquaplanagem. N\u00e3o utilize os freios enquanto os pneus estiverem sem ader\u00eancia com o solo.<\/p>\n\n\n\n<p>Em caso de emerg\u00eancia, acione a PRF atrav\u00e9s&nbsp;do&nbsp;n\u00famero&nbsp;191.<\/p>\n<input type=\"hidden\" id=\"baseurl\" value=\"https:\/\/noticiasregionais.com.br\"><input type=\"hidden\" id=\"audio_nonce\" value=\"533fbb67b1\">","protected":false},"excerpt":{"rendered":"<p>Durante os quatro dias de opera\u00e7\u00e3o, a PRF intensificar\u00e1 o policiamento no trecho federal que corta o estado de S\u00e3o&hellip;<\/p>\n","protected":false},"author":1,"featured_media":2426,"comment_status":"closed","ping_status":"open","sticky":false,"template":"","format":"standard","meta":{"sfsi_plus_gutenberg_text_before_share":"","sfsi_plus_gutenberg_show_text_before_share":"","sfsi_plus_gutenberg_icon_type":"","sfsi_plus_gutenberg_icon_alignemt":"","sfsi_plus_gutenburg_max_per_row":"","footnotes":""},"categories":[6,10,1],"tags":[],"class_list":["post-2425","post","type-post","status-publish","format-standard","has-post-thumbnail","hentry","category-sao_paulo","category-destaques","category-noticias"],"_links":{"self":[{"href":"https:\/\/noticiasregionais.com.br\/index.php?rest_route=\/wp\/v2\/posts\/2425","targetHints":{"allow":["GET"]}}],"collection":[{"href":"https:\/\/noticiasregionais.com.br\/index.php?rest_route=\/wp\/v2\/posts"}],"about":[{"href":"https:\/\/noticiasregionais.com.br\/index.php?rest_route=\/wp\/v2\/types\/post"}],"author":[{"embeddable":true,"href":"https:\/\/noticiasregionais.com.br\/index.php?rest_route=\/wp\/v2\/users\/1"}],"replies":[{"embeddable":true,"href":"https:\/\/noticiasregionais.com.br\/index.php?rest_route=%2Fwp%2Fv2%2Fcomments&post=2425"}],"version-history":[{"count":1,"href":"https:\/\/noticiasregionais.com.br\/index.php?rest_route=\/wp\/v2\/posts\/2425\/revisions"}],"predecessor-version":[{"id":2427,"href":"https:\/\/noticiasregionais.com.br\/index.php?rest_route=\/wp\/v2\/posts\/2425\/revisions\/2427"}],"wp:featuredmedia":[{"embeddable":true,"href":"https:\/\/noticiasregionais.com.br\/index.php?rest_route=\/wp\/v2\/media\/2426"}],"wp:attachment":[{"href":"https:\/\/noticiasregionais.com.br\/index.php?rest_route=%2Fwp%2Fv2%2Fmedia&parent=2425"}],"wp:term":[{"taxonomy":"category","embeddable":true,"href":"https:\/\/noticiasregionais.com.br\/index.php?rest_route=%2Fwp%2Fv2%2Fcategories&post=2425"},{"taxonomy":"post_tag","embeddable":true,"href":"https:\/\/noticiasregionais.com.br\/index.php?rest_route=%2Fwp%2Fv2%2Ftags&post=2425"}],"curies":[{"name":"wp","href":"https:\/\/api.w.org\/{rel}","templated":true}]}}