{"id":2428,"date":"2024-03-28T14:44:06","date_gmt":"2024-03-28T17:44:06","guid":{"rendered":"https:\/\/noticiasregionais.com.br\/?p=2428"},"modified":"2024-03-28T14:44:10","modified_gmt":"2024-03-28T17:44:10","slug":"passageiro-e-preso-com-anabolizantes-em-onibus-durante-operacao-impacto-na-semana-santa","status":"publish","type":"post","link":"https:\/\/noticiasregionais.com.br\/?p=2428","title":{"rendered":"Passageiro \u00e9 preso com anabolizantes em \u00f4nibus durante Opera\u00e7\u00e3o Impacto na Semana Santa"},"content":{"rendered":"\n<p>Na manh\u00e3 desta quinta-feira (28), policiais militares do 3\u00ba Pelot\u00e3o da 3\u00aa Companhia do 2\u00ba Batalh\u00e3o de Pol\u00edcia Rodovi\u00e1ria (BPRv) prenderam um homem por contrabando de anabolizantes durante a Opera\u00e7\u00e3o Impacto\/Semana Santa.<\/p>\n\n\n\n<p>A a\u00e7\u00e3o aconteceu na Rodovia Engenheiro Jo\u00e3o Baptista Cabral Renn\u00f3 (SP-225), km 301, em Santa Cruz do Rio Pardo. Os policiais abordaram um \u00f4nibus e, durante a vistoria no sal\u00e3o de passageiros e no compartimento externo, localizaram duas bolsas com anabolizantes na poltrona 43.<\/p>\n\n\n\n<p>O passageiro, que n\u00e3o teve a identidade revelada, foi preso em flagrante e encaminhado \u00e0 Pol\u00edcia Federal de Mar\u00edlia, onde a ocorr\u00eancia ser\u00e1 registrada.<\/p>\n\n\n\n<p><strong>Opera\u00e7\u00e3o Impacto\/Semana Santa<\/strong><\/p>\n\n\n\n<p>A Opera\u00e7\u00e3o Impacto\/Semana Santa foi deflagrada pela Pol\u00edcia Rodovi\u00e1ria Estadual de S\u00e3o Paulo com o objetivo de intensificar o policiamento nas rodovias do estado durante o feriado da Semana Santa. A opera\u00e7\u00e3o visa reduzir o n\u00famero de acidentes e garantir a seguran\u00e7a dos usu\u00e1rios das rodovias.<\/p>\n\n\n\n<p><strong>Dados da Opera\u00e7\u00e3o<\/strong><\/p>\n\n\n\n<ul class=\"wp-block-list\">\n<li><strong>Data\/Hora:<\/strong>&nbsp;28\/03\/2024 &#8211; 10:30h<\/li>\n\n\n\n<li><strong>Local:<\/strong>&nbsp;SANTA CRUZ DO RIO PARDO\/SP \u2013 SP- 225 \u2013 Rodovia Engenheiro Jo\u00e3o Baptista Cabral Renn\u00f3, km 301<\/li>\n\n\n\n<li><strong>Circunscri\u00e7\u00e3o:<\/strong>&nbsp;3\u00b0 Pelot\u00e3o da 3\u00aa Cia do 2\u00b0 BPRv.<\/li>\n\n\n\n<li><strong>Material apreendido:<\/strong>&nbsp;02 (duas) bolsas com anabolizantes<\/li>\n<\/ul>\n\n\n\n<p><strong>Recomenda\u00e7\u00f5es<\/strong><\/p>\n\n\n\n<p>A Pol\u00edcia Rodovi\u00e1ria Estadual recomenda aos motoristas que redobrem a aten\u00e7\u00e3o durante o feriado da Semana Santa. \u00c9 importante dirigir com prud\u00eancia, respeitar os limites de velocidade e fazer pausas regulares para descansar.<\/p>\n\n\n\n<p><strong>Dicas para uma viagem segura:<\/strong><\/p>\n\n\n\n<ul class=\"wp-block-list\">\n<li>Verifique as condi\u00e7\u00f5es do ve\u00edculo antes de viajar;<\/li>\n\n\n\n<li>Planeje a rota e evite hor\u00e1rios de pico;<\/li>\n\n\n\n<li>Use o cinto de seguran\u00e7a;<\/li>\n\n\n\n<li>N\u00e3o dirija sob a influ\u00eancia de \u00e1lcool ou drogas;<\/li>\n\n\n\n<li>Respeite os limites de velocidade;<\/li>\n\n\n\n<li>Fa\u00e7a pausas regulares para descansar;<\/li>\n\n\n\n<li>Mantenha uma dist\u00e2ncia segura do ve\u00edculo \u00e0 frente;<\/li>\n\n\n\n<li>Seja paciente e evite ultrapassagens perigosas.<\/li>\n<\/ul>\n<input type=\"hidden\" id=\"baseurl\" value=\"https:\/\/noticiasregionais.com.br\"><input type=\"hidden\" id=\"audio_nonce\" value=\"533fbb67b1\">","protected":false},"excerpt":{"rendered":"<p>Na manh\u00e3 desta quinta-feira (28), policiais militares do 3\u00ba Pelot\u00e3o da 3\u00aa Companhia do 2\u00ba Batalh\u00e3o de Pol\u00edcia Rodovi\u00e1ria (BPRv)&hellip;<\/p>\n","protected":false},"author":1,"featured_media":2429,"comment_status":"closed","ping_status":"open","sticky":false,"template":"","format":"standard","meta":{"sfsi_plus_gutenberg_text_before_share":"","sfsi_plus_gutenberg_show_text_before_share":"","sfsi_plus_gutenberg_icon_type":"","sfsi_plus_gutenberg_icon_alignemt":"","sfsi_plus_gutenburg_max_per_row":"","footnotes":""},"categories":[6,12,1],"tags":[],"class_list":["post-2428","post","type-post","status-publish","format-standard","has-post-thumbnail","hentry","category-sao_paulo","category-capa","category-noticias"],"_links":{"self":[{"href":"https:\/\/noticiasregionais.com.br\/index.php?rest_route=\/wp\/v2\/posts\/2428","targetHints":{"allow":["GET"]}}],"collection":[{"href":"https:\/\/noticiasregionais.com.br\/index.php?rest_route=\/wp\/v2\/posts"}],"about":[{"href":"https:\/\/noticiasregionais.com.br\/index.php?rest_route=\/wp\/v2\/types\/post"}],"author":[{"embeddable":true,"href":"https:\/\/noticiasregionais.com.br\/index.php?rest_route=\/wp\/v2\/users\/1"}],"replies":[{"embeddable":true,"href":"https:\/\/noticiasregionais.com.br\/index.php?rest_route=%2Fwp%2Fv2%2Fcomments&post=2428"}],"version-history":[{"count":1,"href":"https:\/\/noticiasregionais.com.br\/index.php?rest_route=\/wp\/v2\/posts\/2428\/revisions"}],"predecessor-version":[{"id":2430,"href":"https:\/\/noticiasregionais.com.br\/index.php?rest_route=\/wp\/v2\/posts\/2428\/revisions\/2430"}],"wp:featuredmedia":[{"embeddable":true,"href":"https:\/\/noticiasregionais.com.br\/index.php?rest_route=\/wp\/v2\/media\/2429"}],"wp:attachment":[{"href":"https:\/\/noticiasregionais.com.br\/index.php?rest_route=%2Fwp%2Fv2%2Fmedia&parent=2428"}],"wp:term":[{"taxonomy":"category","embeddable":true,"href":"https:\/\/noticiasregionais.com.br\/index.php?rest_route=%2Fwp%2Fv2%2Fcategories&post=2428"},{"taxonomy":"post_tag","embeddable":true,"href":"https:\/\/noticiasregionais.com.br\/index.php?rest_route=%2Fwp%2Fv2%2Ftags&post=2428"}],"curies":[{"name":"wp","href":"https:\/\/api.w.org\/{rel}","templated":true}]}}