{"id":243,"date":"2023-09-06T07:42:39","date_gmt":"2023-09-06T10:42:39","guid":{"rendered":"https:\/\/noticiasregionais.com.br\/?p=243"},"modified":"2023-09-06T07:42:39","modified_gmt":"2023-09-06T10:42:39","slug":"ciclone-deixa-22-mortos-e-causa-enchentes-na-regiao-sul","status":"publish","type":"post","link":"https:\/\/noticiasregionais.com.br\/?p=243","title":{"rendered":"Ciclone deixa 22 mortos e causa enchentes na Regi\u00e3o Sul"},"content":{"rendered":"\n<p>At\u00e9 esta ter\u00e7a-feira (5), o ciclone extratropical formado no domingo (3) no Sul do pa\u00eds matou 21 pessoas no Rio Grande do Sul e mais uma em Santa Catarina.&nbsp;<img decoding=\"async\" src=\"https:\/\/agenciabrasil.ebc.com.br\/ebc.png?id=1553443&amp;o=node\"><img decoding=\"async\" src=\"https:\/\/agenciabrasil.ebc.com.br\/ebc.gif?id=1553443&amp;o=node\"><\/p>\n\n\n\n<p>No Rio Grande do Sul, 15 dos 21 \u00f3bitos confirmados ocorreram em uma casa em Mu\u00e7um, no centro do estado, e seis na regi\u00e3o mais ao norte ga\u00facho, nos munic\u00edpios de Mato Castelhano, Passo Fundo, Ibiraiaras e Estrela. Uma morte ocorreu sobre o Rio Taquari, durante tentativa de resgate de uma pessoa, por helic\u00f3ptero, quando o cabo se rompeu e a v\u00edtima e o policial socorrista ca\u00edram. A mulher n\u00e3o resistiu aos ferimentos e morreu e o policial est\u00e1 em estado grave.<\/p>\n\n\n\n<p>No fim desta tarde, o governador do Rio Grande do Sul, Eduardo Leite, confirmou que este \u00e9 o maior n\u00famero de mortes em situa\u00e7\u00f5es como essa, no estado.&nbsp;<\/p>\n\n\n\n<blockquote class=\"wp-block-quote is-layout-flow wp-block-quote-is-layout-flow\">\n<p>&nbsp;&#8220;Eu recebo a informa\u00e7\u00e3o de 15 corpos localizados no munic\u00edpio de Mu\u00e7um, o que causa imensa dor e faz elevar o n\u00famero de mortes de seis para 21.&nbsp; O que est\u00e1 configurando o maior n\u00famero de mortes em evento clim\u00e1tico no estado do Rio Grande do Sul.&#8221;<\/p>\n<\/blockquote>\n\n\n\n<p>No oeste de Santa Catarina, um homem morreu ap\u00f3s o carro em que ele estava ser atingido pela queda de uma \u00e1rvore derrubada durante uma ventania de 110 km\/h em Jupi\u00e1, na segunda-feira (4).&nbsp;<\/p>\n<input type=\"hidden\" id=\"baseurl\" value=\"https:\/\/noticiasregionais.com.br\"><input type=\"hidden\" id=\"audio_nonce\" value=\"3cdc555a10\">","protected":false},"excerpt":{"rendered":"<p>At\u00e9 esta ter\u00e7a-feira (5), o ciclone extratropical formado no domingo (3) no Sul do pa\u00eds matou 21 pessoas no Rio&hellip;<\/p>\n","protected":false},"author":1,"featured_media":244,"comment_status":"closed","ping_status":"open","sticky":false,"template":"","format":"standard","meta":{"sfsi_plus_gutenberg_text_before_share":"","sfsi_plus_gutenberg_show_text_before_share":"","sfsi_plus_gutenberg_icon_type":"","sfsi_plus_gutenberg_icon_alignemt":"","sfsi_plus_gutenburg_max_per_row":"","footnotes":""},"categories":[8,12,1],"tags":[],"class_list":["post-243","post","type-post","status-publish","format-standard","has-post-thumbnail","hentry","category-brasil","category-capa","category-noticias"],"_links":{"self":[{"href":"https:\/\/noticiasregionais.com.br\/index.php?rest_route=\/wp\/v2\/posts\/243","targetHints":{"allow":["GET"]}}],"collection":[{"href":"https:\/\/noticiasregionais.com.br\/index.php?rest_route=\/wp\/v2\/posts"}],"about":[{"href":"https:\/\/noticiasregionais.com.br\/index.php?rest_route=\/wp\/v2\/types\/post"}],"author":[{"embeddable":true,"href":"https:\/\/noticiasregionais.com.br\/index.php?rest_route=\/wp\/v2\/users\/1"}],"replies":[{"embeddable":true,"href":"https:\/\/noticiasregionais.com.br\/index.php?rest_route=%2Fwp%2Fv2%2Fcomments&post=243"}],"version-history":[{"count":1,"href":"https:\/\/noticiasregionais.com.br\/index.php?rest_route=\/wp\/v2\/posts\/243\/revisions"}],"predecessor-version":[{"id":245,"href":"https:\/\/noticiasregionais.com.br\/index.php?rest_route=\/wp\/v2\/posts\/243\/revisions\/245"}],"wp:featuredmedia":[{"embeddable":true,"href":"https:\/\/noticiasregionais.com.br\/index.php?rest_route=\/wp\/v2\/media\/244"}],"wp:attachment":[{"href":"https:\/\/noticiasregionais.com.br\/index.php?rest_route=%2Fwp%2Fv2%2Fmedia&parent=243"}],"wp:term":[{"taxonomy":"category","embeddable":true,"href":"https:\/\/noticiasregionais.com.br\/index.php?rest_route=%2Fwp%2Fv2%2Fcategories&post=243"},{"taxonomy":"post_tag","embeddable":true,"href":"https:\/\/noticiasregionais.com.br\/index.php?rest_route=%2Fwp%2Fv2%2Ftags&post=243"}],"curies":[{"name":"wp","href":"https:\/\/api.w.org\/{rel}","templated":true}]}}