{"id":2431,"date":"2024-03-28T14:47:18","date_gmt":"2024-03-28T17:47:18","guid":{"rendered":"https:\/\/noticiasregionais.com.br\/?p=2431"},"modified":"2024-03-28T14:47:30","modified_gmt":"2024-03-28T17:47:30","slug":"traficante-e-preso-em-ourinhos-com-crack-e-dinheiro-apos-desobedecer-ordem-de-parada-da-pm","status":"publish","type":"post","link":"https:\/\/noticiasregionais.com.br\/?p=2431","title":{"rendered":"Traficante \u00e9 preso em Ourinhos com crack e dinheiro ap\u00f3s desobedecer ordem de parada da PM"},"content":{"rendered":"\n<p>Na noite de ontem (27), policiais militares do 31\u00ba Batalh\u00e3o de Pol\u00edcia Militar do Interior (BPM\/I) prenderam um homem por tr\u00e1fico de drogas no Jardim Itajubi, em Ourinhos.<\/p>\n\n\n\n<p>A equipe realizava patrulhamento pela regi\u00e3o quando ordenou a parada de um ve\u00edculo para fins de fiscaliza\u00e7\u00e3o. O condutor, no entanto, desobedeceu a ordem e fugiu em alta velocidade.<\/p>\n\n\n\n<p>Ap\u00f3s um breve acompanhamento, o ve\u00edculo foi interceptado e o condutor foi detido. Durante a busca pessoal, os policiais encontraram dinheiro em suas vestes. No interior do ve\u00edculo, foram localizadas por\u00e7\u00f5es de crack a serem fracionadas, al\u00e9m de uma balan\u00e7a de precis\u00e3o.<\/p>\n\n\n\n<p>Diante dos fatos, o homem foi preso em flagrante por tr\u00e1fico de drogas e conduzido \u00e0 Central de Pol\u00edcia Judici\u00e1ria para o registro da ocorr\u00eancia. Ele permaneceu preso \u00e0 disposi\u00e7\u00e3o da justi\u00e7a.<\/p>\n\n\n\n<p><strong>Material apreendido:<\/strong><\/p>\n\n\n\n<ul class=\"wp-block-list\">\n<li>8 gramas de crack<\/li>\n\n\n\n<li>R$ 33,45<\/li>\n\n\n\n<li>1 balan\u00e7a digital<\/li>\n\n\n\n<li>1 ve\u00edculo<\/li>\n<\/ul>\n\n\n\n<p>A a\u00e7\u00e3o da Pol\u00edcia Militar demonstra o compromisso da corpora\u00e7\u00e3o em combater o tr\u00e1fico de drogas e garantir a seguran\u00e7a da popula\u00e7\u00e3o.<\/p>\n\n\n\n<figure class=\"wp-block-image size-large\"><img decoding=\"async\" width=\"1024\" height=\"768\" src=\"https:\/\/noticiasregionais.com.br\/wp-content\/uploads\/2024\/03\/Imagem-do-WhatsApp-de-2024-03-28-as-09.17.51_c8d39c01-1024x768.jpg\" alt=\"\" class=\"wp-image-2433\" srcset=\"https:\/\/noticiasregionais.com.br\/wp-content\/uploads\/2024\/03\/Imagem-do-WhatsApp-de-2024-03-28-as-09.17.51_c8d39c01-1024x768.jpg 1024w, https:\/\/noticiasregionais.com.br\/wp-content\/uploads\/2024\/03\/Imagem-do-WhatsApp-de-2024-03-28-as-09.17.51_c8d39c01-300x225.jpg 300w, https:\/\/noticiasregionais.com.br\/wp-content\/uploads\/2024\/03\/Imagem-do-WhatsApp-de-2024-03-28-as-09.17.51_c8d39c01-768x576.jpg 768w, https:\/\/noticiasregionais.com.br\/wp-content\/uploads\/2024\/03\/Imagem-do-WhatsApp-de-2024-03-28-as-09.17.51_c8d39c01.jpg 1280w\" sizes=\"(max-width: 1024px) 100vw, 1024px\" \/><\/figure>\n<input type=\"hidden\" id=\"baseurl\" value=\"https:\/\/noticiasregionais.com.br\"><input type=\"hidden\" id=\"audio_nonce\" value=\"533fbb67b1\">","protected":false},"excerpt":{"rendered":"<p>Na noite de ontem (27), policiais militares do 31\u00ba Batalh\u00e3o de Pol\u00edcia Militar do Interior (BPM\/I) prenderam um homem por&hellip;<\/p>\n","protected":false},"author":1,"featured_media":2432,"comment_status":"closed","ping_status":"open","sticky":false,"template":"","format":"standard","meta":{"sfsi_plus_gutenberg_text_before_share":"","sfsi_plus_gutenberg_show_text_before_share":"","sfsi_plus_gutenberg_icon_type":"","sfsi_plus_gutenberg_icon_alignemt":"","sfsi_plus_gutenburg_max_per_row":"","footnotes":""},"categories":[5,10,1],"tags":[],"class_list":["post-2431","post","type-post","status-publish","format-standard","has-post-thumbnail","hentry","category-ourinhos","category-destaques","category-noticias"],"_links":{"self":[{"href":"https:\/\/noticiasregionais.com.br\/index.php?rest_route=\/wp\/v2\/posts\/2431","targetHints":{"allow":["GET"]}}],"collection":[{"href":"https:\/\/noticiasregionais.com.br\/index.php?rest_route=\/wp\/v2\/posts"}],"about":[{"href":"https:\/\/noticiasregionais.com.br\/index.php?rest_route=\/wp\/v2\/types\/post"}],"author":[{"embeddable":true,"href":"https:\/\/noticiasregionais.com.br\/index.php?rest_route=\/wp\/v2\/users\/1"}],"replies":[{"embeddable":true,"href":"https:\/\/noticiasregionais.com.br\/index.php?rest_route=%2Fwp%2Fv2%2Fcomments&post=2431"}],"version-history":[{"count":1,"href":"https:\/\/noticiasregionais.com.br\/index.php?rest_route=\/wp\/v2\/posts\/2431\/revisions"}],"predecessor-version":[{"id":2434,"href":"https:\/\/noticiasregionais.com.br\/index.php?rest_route=\/wp\/v2\/posts\/2431\/revisions\/2434"}],"wp:featuredmedia":[{"embeddable":true,"href":"https:\/\/noticiasregionais.com.br\/index.php?rest_route=\/wp\/v2\/media\/2432"}],"wp:attachment":[{"href":"https:\/\/noticiasregionais.com.br\/index.php?rest_route=%2Fwp%2Fv2%2Fmedia&parent=2431"}],"wp:term":[{"taxonomy":"category","embeddable":true,"href":"https:\/\/noticiasregionais.com.br\/index.php?rest_route=%2Fwp%2Fv2%2Fcategories&post=2431"},{"taxonomy":"post_tag","embeddable":true,"href":"https:\/\/noticiasregionais.com.br\/index.php?rest_route=%2Fwp%2Fv2%2Ftags&post=2431"}],"curies":[{"name":"wp","href":"https:\/\/api.w.org\/{rel}","templated":true}]}}