{"id":2436,"date":"2024-04-01T07:15:09","date_gmt":"2024-04-01T10:15:09","guid":{"rendered":"https:\/\/noticiasregionais.com.br\/?p=2436"},"modified":"2024-04-01T07:15:21","modified_gmt":"2024-04-01T10:15:21","slug":"carretas-da-mamografia-ampliam-servico-e-passam-por-quatro-regioes-em-abril","status":"publish","type":"post","link":"https:\/\/noticiasregionais.com.br\/?p=2436","title":{"rendered":"Carretas da Mamografia ampliam servi\u00e7o e passam por quatro regi\u00f5es em abril"},"content":{"rendered":"\n<p class=\"has-text-align-center\"><strong>Garantir o acesso a servi\u00e7os de sa\u00fade para as mulher \u00e9 um dos objetivos do movimento SP Por Todas<\/strong><\/p>\n\n\n\n<p>As Carretas da Mamografia, do Programa Mulheres de Peito, v\u00e3o promover diagn\u00f3stico e autocuidado nas regi\u00f5es de Potim, Barueri, Uchoa e Guaratinguet\u00e1 nas primeiras semanas de abril. Buscando atender o maior n\u00famero de pacientes, o servi\u00e7o foi ampliado e agora conta com tr\u00eas carretas que v\u00e3o percorrer todo o estado.<\/p>\n\n\n\n<p>A visibilidade dos servi\u00e7os de sa\u00fade oferecidos para as mulheres \u00e9 um dos objetivos do Movimento SP Por Todas, lan\u00e7ado no dia 28 de mar\u00e7o pelo Governo de S\u00e3o Paulo.<\/p>\n\n\n\n<p>As carretas da Secretaria de Estado da Sa\u00fade de S\u00e3o Paulo (SES-SP) promovem exames de mamografia gratuitamente para mulheres de 35 a 49 anos, e acima de 70 anos, mediante apresenta\u00e7\u00e3o do RG, cart\u00e3o do SUS e um pedido m\u00e9dico. J\u00e1 as pacientes com idade entre 50 e 69 anos podem levar apenas RG e cart\u00e3o do SUS. O resultado \u00e9 disponibilizado em at\u00e9 dois dias, ap\u00f3s a realiza\u00e7\u00e3o do exame.<\/p>\n\n\n\n<p>Somente neste primeiro trimestre, j\u00e1 foram realizados mais de 6 mil exames. Em 2023, o programa realizou 24.690 exames e percorreu 47 munic\u00edpios, incentivando as mulheres a realizarem o exame de mamografia, e possibilitando o diagn\u00f3stico e tratamento precoce do c\u00e2ncer de mama.<\/p>\n\n\n\n<p>O funcionamento das carretas \u00e9 de segunda a sexta-feira das 8h \u00e0s 17h, com atendimento de at\u00e9 50 senhas e, aos s\u00e1bados, das 8h \u00e0s 12h, com atendimento de at\u00e9 25 senhas, com distribui\u00e7\u00e3o de senhas por demanda espont\u00e2nea e por ordem de chegada.<\/p>\n\n\n\n<p><strong>Mulheres de Peito<\/strong><br>As mulheres paulistas com idades entre 50 e 69 anos tamb\u00e9m podem marcar seus exames de mamografia sem necessidade de pedido m\u00e9dico, gratuitamente, pelo SUS (Sistema \u00danico de Sa\u00fade).<\/p>\n\n\n\n<p>Para realizar o agendamento do exame, \u00e9 preciso ligar para o n\u00famero 0800 779 0000. A consulta \u00e9 marcada via Sistema Informatizado de Regula\u00e7\u00e3o do Estado de S\u00e3o Paulo.<\/p>\n\n\n\n<p><strong>Confira o cronograma em cada munic\u00edpio<\/strong><\/p>\n\n\n\n<p>Carreta da Mamografia em Potim:<br>Data: 26 de mar\u00e7o a 6 de abril de 2024<br>Hor\u00e1rio: segunda a sexta-feira, das 8h \u00e0s 17h, e, aos s\u00e1bados, das 8h \u00e0s 12h (exceto feriados)<br>Endere\u00e7o: Pra\u00e7a Francisco De Assis Galvao \u2013 Potim (SP)<\/p>\n\n\n\n<p>Carreta da Mamografia em Barueri:<br>Data: 2 a 13 de abril de 2024<br>Hor\u00e1rio: segunda a sexta-feira, das 8h \u00e0s 17h, e, aos s\u00e1bados, das 8h \u00e0s 12h (exceto feriados)<br>Endere\u00e7o: Av. Guilherme Perereca Guglielmo, 1000 Centro, Gin\u00e1sio Jos\u00e9 Correa \u2013 Barueri (SP)<\/p>\n\n\n\n<p>Carreta da Mamografia em Uchoa:<br>Data: 2 a 13 de abril de 2024<br>Hor\u00e1rio: segunda a sexta-feira, das 8h \u00e0s 17h, e, aos s\u00e1bados, das 8h \u00e0s 12h (exceto feriados)<br>Endere\u00e7o: Pra\u00e7a Jo\u00e3o Birolli \u2013 Centro \u2013 Uchoa (SP)<\/p>\n\n\n\n<p>Carreta da Mamografia em Guaratinguet\u00e1:<br>Data: 9 a 20 de abril de 2024<br>Hor\u00e1rio: segunda a sexta-feira, das 8h \u00e0s 17h, e, aos s\u00e1bados, das 8h \u00e0s 12h (exceto feriados)<br>Endere\u00e7o: Avenida Da Exposi\u00e7\u00e3o, 02, Internacional Park \u2013 Guaratinguet\u00e1 (SP)<\/p>\n\n\n\n<p><strong>SP Por Todas<\/strong><\/p>\n\n\n\n<p>SP Por Todas \u00e9 um movimento promovido pelo Governo do Estado de S\u00e3o Paulo para ampliar a visibilidade das pol\u00edticas p\u00fablicas para mulheres, bem como a rede de prote\u00e7\u00e3o, acolhimento e autonomia profissional e financeira que viabiliza servi\u00e7os exclusivos para elas.<\/p>\n\n\n\n<p>Essas frentes est\u00e3o nos pilares da gest\u00e3o e incluem novas solu\u00e7\u00f5es lan\u00e7adas em mar\u00e7o de 2024. Um dos destaques \u00e9 o aux\u00edlio-aluguel de R$ 500 para v\u00edtimas de viol\u00eancia dom\u00e9stica. Tamb\u00e9m houve amplia\u00e7\u00e3o do monitoramento permanente de agressores com uso de tornozeleiras; o lan\u00e7amento do aplicativo SPMulher Segura que conecta a pol\u00edcia de forma direta e \u00e1gil caso o agressor se aproxime; e a cria\u00e7\u00e3o de novas salas da Delegacia da Defesa da Mulher 24 horas.<\/p>\n\n\n\n<p>O Governo do Estado ampliou linhas de cr\u00e9dito para elas e ampliou a entrega das Casas da Mulher Paulista, que oferecem servi\u00e7os de apoio psicol\u00f3gico e capacita\u00e7\u00e3o profissional. A gest\u00e3o paulista ainda implementou o protocolo N\u00e3o Se Cale para acolhimento imediato e combate \u00e0 importuna\u00e7\u00e3o sexual em bares, restaurantes, casas de show e similares, formando equipes em um curso online oferecido gratuitamente aos profissionais do setor.<\/p>\n\n\n\n<p>O \u00faltimo dia \u00fatil de mar\u00e7o foi escolhido para o lan\u00e7amento do movimento SP Por Todas justamente para simbolizar a perenidade de a\u00e7\u00f5es muito al\u00e9m das celebra\u00e7\u00f5es relacionadas ao Dia Internacional da Mulher.<\/p>\n<input type=\"hidden\" id=\"baseurl\" value=\"https:\/\/noticiasregionais.com.br\"><input type=\"hidden\" id=\"audio_nonce\" value=\"533fbb67b1\">","protected":false},"excerpt":{"rendered":"<p>Garantir o acesso a servi\u00e7os de sa\u00fade para as mulher \u00e9 um dos objetivos do movimento SP Por Todas As&hellip;<\/p>\n","protected":false},"author":1,"featured_media":2437,"comment_status":"closed","ping_status":"open","sticky":false,"template":"","format":"standard","meta":{"sfsi_plus_gutenberg_text_before_share":"","sfsi_plus_gutenberg_show_text_before_share":"","sfsi_plus_gutenberg_icon_type":"","sfsi_plus_gutenberg_icon_alignemt":"","sfsi_plus_gutenburg_max_per_row":"","footnotes":""},"categories":[6,10,1],"tags":[],"class_list":["post-2436","post","type-post","status-publish","format-standard","has-post-thumbnail","hentry","category-sao_paulo","category-destaques","category-noticias"],"_links":{"self":[{"href":"https:\/\/noticiasregionais.com.br\/index.php?rest_route=\/wp\/v2\/posts\/2436","targetHints":{"allow":["GET"]}}],"collection":[{"href":"https:\/\/noticiasregionais.com.br\/index.php?rest_route=\/wp\/v2\/posts"}],"about":[{"href":"https:\/\/noticiasregionais.com.br\/index.php?rest_route=\/wp\/v2\/types\/post"}],"author":[{"embeddable":true,"href":"https:\/\/noticiasregionais.com.br\/index.php?rest_route=\/wp\/v2\/users\/1"}],"replies":[{"embeddable":true,"href":"https:\/\/noticiasregionais.com.br\/index.php?rest_route=%2Fwp%2Fv2%2Fcomments&post=2436"}],"version-history":[{"count":1,"href":"https:\/\/noticiasregionais.com.br\/index.php?rest_route=\/wp\/v2\/posts\/2436\/revisions"}],"predecessor-version":[{"id":2438,"href":"https:\/\/noticiasregionais.com.br\/index.php?rest_route=\/wp\/v2\/posts\/2436\/revisions\/2438"}],"wp:featuredmedia":[{"embeddable":true,"href":"https:\/\/noticiasregionais.com.br\/index.php?rest_route=\/wp\/v2\/media\/2437"}],"wp:attachment":[{"href":"https:\/\/noticiasregionais.com.br\/index.php?rest_route=%2Fwp%2Fv2%2Fmedia&parent=2436"}],"wp:term":[{"taxonomy":"category","embeddable":true,"href":"https:\/\/noticiasregionais.com.br\/index.php?rest_route=%2Fwp%2Fv2%2Fcategories&post=2436"},{"taxonomy":"post_tag","embeddable":true,"href":"https:\/\/noticiasregionais.com.br\/index.php?rest_route=%2Fwp%2Fv2%2Ftags&post=2436"}],"curies":[{"name":"wp","href":"https:\/\/api.w.org\/{rel}","templated":true}]}}