{"id":2445,"date":"2024-04-01T08:08:19","date_gmt":"2024-04-01T11:08:19","guid":{"rendered":"https:\/\/noticiasregionais.com.br\/?p=2445"},"modified":"2024-04-01T08:13:08","modified_gmt":"2024-04-01T11:13:08","slug":"dia-da-mentira-uma-celebracao-brincalhona-com-origens-misteriosas","status":"publish","type":"post","link":"https:\/\/noticiasregionais.com.br\/?p=2445","title":{"rendered":"Dia da Mentira: Uma Celebra\u00e7\u00e3o Brincalhona com Origens Misteriosas"},"content":{"rendered":"\n<p class=\"has-text-align-center\"><strong>Brincadeiras, travessuras e tradi\u00e7\u00e3o: O Dia da Mentira no Brasil e no mundo.<\/strong><\/p>\n\n\n\n<p>O Dia da Mentira, celebrado em 1\u00ba de abril, \u00e9 um dia dedicado \u00e0 brincadeira e ao humor leve, onde mentiras inofensivas e travessuras s\u00e3o permitidas. Mas qual a origem dessa tradi\u00e7\u00e3o peculiar? As teorias variam, mas todas convergem para um passado distante, envolvendo calend\u00e1rios, costumes e cren\u00e7as populares.<\/p>\n\n\n\n<p><strong>Calend\u00e1rio Juliano versus Gregoriano:<\/strong><\/p>\n\n\n\n<p>Uma das teorias mais populares remonta ao ano de 1582, quando o Papa Greg\u00f3rio XIII introduziu o Calend\u00e1rio Gregoriano, substituindo o Calend\u00e1rio Juliano. O Ano Novo, que antes era comemorado em 25 de mar\u00e7o, passou para 1\u00ba de janeiro.<\/p>\n\n\n\n<p>Alguns, no entanto, resistiram \u00e0 mudan\u00e7a, continuando a celebrar o Ano Novo em 25 de mar\u00e7o. Por isso, eram chamados de &#8220;abobrinhas de abril&#8221; ou &#8220;tolos de abril&#8221;. Com o tempo, a data de 1\u00ba de abril se tornou associada \u00e0 brincadeira e \u00e0 mentira, como forma de satirizar aqueles que se recusavam a aceitar o novo calend\u00e1rio.<\/p>\n\n\n\n<p><strong>Outras Origens Poss\u00edveis:<\/strong><\/p>\n\n\n\n<p>Outras teorias exploram diferentes origens para o Dia da Mentira:<\/p>\n\n\n\n<ul class=\"wp-block-list\">\n<li><strong>Festivais Pag\u00e3os:<\/strong>&nbsp;Na Roma Antiga, o festival de Hilaria, celebrado em 25 de mar\u00e7o, era dedicado \u00e0 deusa Cibele e inclu\u00eda brincadeiras e disfarces. Alguns acreditam que essa tradi\u00e7\u00e3o influenciou o Dia da Mentira.<\/li>\n\n\n\n<li><strong>Mitologia Inglesa:<\/strong>&nbsp;Uma lenda inglesa conta que o Rei Vortigern foi enganado por um falso mago chamado Geoffrey of Monmouth. Em 1\u00ba de abril, Geoffrey teria convencido o rei a construir um castelo em um local fantasioso. A hist\u00f3ria, embora fict\u00edcia, teria contribu\u00eddo para a associa\u00e7\u00e3o da data com a mentira.<\/li>\n\n\n\n<li><strong>Culturas Diversas:<\/strong>&nbsp;Celebra\u00e7\u00f5es semelhantes ao Dia da Mentira podem ser encontradas em diversas culturas, como o &#8220;Dia dos Bobos&#8221; na \u00cdndia e o &#8220;Dia da Inoc\u00eancia&#8221; em Portugal.<\/li>\n<\/ul>\n\n\n\n<p><strong>Independente da origem precisa, o Dia da Mentira se tornou uma tradi\u00e7\u00e3o popular em muitos pa\u00edses.<\/strong> \u00c9 um dia para se divertir com amigos e familiares, contando hist\u00f3rias engra\u00e7adas e pregando pe\u00e7as inofensivas. \u00c9 importante, no entanto, lembrar que as mentiras devem ser sempre leves e bem-intencionadas, sem causar danos ou constrangimentos a ningu\u00e9m.<\/p>\n\n\n\n<p><strong>No Brasil, a tradi\u00e7\u00e3o do Dia da Mentira se popularizou no s\u00e9culo XIX.<\/strong> Um dos primeiros registros da data no pa\u00eds foi em 1828, com a publica\u00e7\u00e3o de um jornal sat\u00edrico chamado &#8220;A Mentira&#8221;, que circulava em Ouro Preto, Minas Gerais. O jornal trazia not\u00edcias falsas sobre eventos importantes da \u00e9poca, como a morte do Imperador Dom Pedro I.<\/p>\n\n\n\n<p><strong>Hoje em dia, o Dia da Mentira \u00e9 celebrado no Brasil com diversas brincadeiras, memes e not\u00edcias falsas (sempre com a devida identifica\u00e7\u00e3o)<\/strong>. \u00c9 um dia para celebrar o humor e a leveza, sem perder de vista a import\u00e2ncia da verdade e da honestidade em nossas rela\u00e7\u00f5es.<\/p>\n\n\n\n<p><strong>Lembre-se:<\/strong> No Dia da Mentira, divirta-se com bom humor e responsabilidade, sem esquecer que a verdade sempre deve prevalecer.<\/p>\n<input type=\"hidden\" id=\"baseurl\" value=\"https:\/\/noticiasregionais.com.br\"><input type=\"hidden\" id=\"audio_nonce\" value=\"5c13e0637f\">","protected":false},"excerpt":{"rendered":"<p>Brincadeiras, travessuras e tradi\u00e7\u00e3o: O Dia da Mentira no Brasil e no mundo. O Dia da Mentira, celebrado em 1\u00ba&hellip;<\/p>\n","protected":false},"author":1,"featured_media":2446,"comment_status":"closed","ping_status":"open","sticky":false,"template":"","format":"standard","meta":{"sfsi_plus_gutenberg_text_before_share":"","sfsi_plus_gutenberg_show_text_before_share":"","sfsi_plus_gutenberg_icon_type":"","sfsi_plus_gutenberg_icon_alignemt":"","sfsi_plus_gutenburg_max_per_row":"","footnotes":""},"categories":[8,12,1],"tags":[],"class_list":["post-2445","post","type-post","status-publish","format-standard","has-post-thumbnail","hentry","category-brasil","category-capa","category-noticias"],"_links":{"self":[{"href":"https:\/\/noticiasregionais.com.br\/index.php?rest_route=\/wp\/v2\/posts\/2445","targetHints":{"allow":["GET"]}}],"collection":[{"href":"https:\/\/noticiasregionais.com.br\/index.php?rest_route=\/wp\/v2\/posts"}],"about":[{"href":"https:\/\/noticiasregionais.com.br\/index.php?rest_route=\/wp\/v2\/types\/post"}],"author":[{"embeddable":true,"href":"https:\/\/noticiasregionais.com.br\/index.php?rest_route=\/wp\/v2\/users\/1"}],"replies":[{"embeddable":true,"href":"https:\/\/noticiasregionais.com.br\/index.php?rest_route=%2Fwp%2Fv2%2Fcomments&post=2445"}],"version-history":[{"count":2,"href":"https:\/\/noticiasregionais.com.br\/index.php?rest_route=\/wp\/v2\/posts\/2445\/revisions"}],"predecessor-version":[{"id":2448,"href":"https:\/\/noticiasregionais.com.br\/index.php?rest_route=\/wp\/v2\/posts\/2445\/revisions\/2448"}],"wp:featuredmedia":[{"embeddable":true,"href":"https:\/\/noticiasregionais.com.br\/index.php?rest_route=\/wp\/v2\/media\/2446"}],"wp:attachment":[{"href":"https:\/\/noticiasregionais.com.br\/index.php?rest_route=%2Fwp%2Fv2%2Fmedia&parent=2445"}],"wp:term":[{"taxonomy":"category","embeddable":true,"href":"https:\/\/noticiasregionais.com.br\/index.php?rest_route=%2Fwp%2Fv2%2Fcategories&post=2445"},{"taxonomy":"post_tag","embeddable":true,"href":"https:\/\/noticiasregionais.com.br\/index.php?rest_route=%2Fwp%2Fv2%2Ftags&post=2445"}],"curies":[{"name":"wp","href":"https:\/\/api.w.org\/{rel}","templated":true}]}}