{"id":2457,"date":"2024-04-02T16:12:33","date_gmt":"2024-04-02T19:12:33","guid":{"rendered":"https:\/\/noticiasregionais.com.br\/?p=2457"},"modified":"2024-04-02T16:12:36","modified_gmt":"2024-04-02T19:12:36","slug":"operacao-semana-santa-da-prf-fiscalizacao-intensiva-e-rigor-contra-a-alcoolemia","status":"publish","type":"post","link":"https:\/\/noticiasregionais.com.br\/?p=2457","title":{"rendered":"Opera\u00e7\u00e3o Semana Santa da PRF: Fiscaliza\u00e7\u00e3o intensiva e rigor contra a alcoolemia"},"content":{"rendered":"\n<p>A Pol\u00edcia Rodovi\u00e1ria Federal (PRF) divulgou os resultados da Opera\u00e7\u00e3o Semana Santa, realizada entre os dias 28 a 31 de mar\u00e7o, com o objetivo de garantir a seguran\u00e7a nas rodovias durante o feriado prolongado. A opera\u00e7\u00e3o contou com uma intensa fiscaliza\u00e7\u00e3o e uma \u00eanfase especial na autua\u00e7\u00e3o por alcoolemia.<\/p>\n\n\n\n<p>Durante a opera\u00e7\u00e3o, foram realizados 146 testes de alcoolemia em abordagens nas rodovias, visando coibir a condu\u00e7\u00e3o sob efeito de \u00e1lcool, uma das principais causas de acidentes nas estradas. Foram registradas 4 autua\u00e7\u00f5es, infra\u00e7\u00e3o pun\u00edvel com 12 meses suspens\u00e3o do direito de dirigir e R$ 2.934,70 (dois mil, novecentos e trinta e quatro reais e setenta centavos), valor que pode dobrar caso o condutor seja reincidente.<\/p>\n\n\n\n<p>A PRF tamb\u00e9m promoveu a\u00e7\u00f5es educativas de conscientiza\u00e7\u00e3o para o tr\u00e2nsito, realizando uma campanha educativa no Terminal Rodovi\u00e1rio, onde foram alcan\u00e7adas 314 pessoas, visando alertar sobre a import\u00e2ncia do uso do cinto de seguran\u00e7a e outras infra\u00e7\u00f5es.<\/p>\n\n\n\n<p>Os n\u00fameros da fiscaliza\u00e7\u00e3o impressionam: foram fiscalizadas 240 pessoas e 262 ve\u00edculos durante abordagens realizadas pela PRF. Infelizmente, foram registrados dois acidentes com feridos leves, ressaltando a import\u00e2ncia da fiscaliza\u00e7\u00e3o e conscientiza\u00e7\u00e3o para evitar trag\u00e9dias nas estradas.<\/p>\n\n\n\n<p>No total, foram emitidos 118 Autos de Infra\u00e7\u00e3o, abrangendo diversos tipos de infra\u00e7\u00f5es, incluindo a autua\u00e7\u00e3o de 10 passageiros por n\u00e3o utilizarem cinto de seguran\u00e7a, 2 autua\u00e7\u00f5es por crian\u00e7as sem o dispositivo de reten\u00e7\u00e3o (DRC) e 60 autua\u00e7\u00f5es por ultrapassagens irregulares.<\/p>\n\n\n\n<p>A PRF refor\u00e7a seu compromisso com a seguran\u00e7a vi\u00e1ria e a integridade dos usu\u00e1rios das rodovias, ressaltando que infra\u00e7\u00f5es como a alcoolemia ser\u00e3o rigorosamente fiscalizadas e punidas, visando proteger vidas e garantir viagens seguras para todos os condutores&nbsp;e&nbsp;passageiros.<\/p>\n<input type=\"hidden\" id=\"baseurl\" value=\"https:\/\/noticiasregionais.com.br\"><input type=\"hidden\" id=\"audio_nonce\" value=\"533fbb67b1\">","protected":false},"excerpt":{"rendered":"<p>A Pol\u00edcia Rodovi\u00e1ria Federal (PRF) divulgou os resultados da Opera\u00e7\u00e3o Semana Santa, realizada entre os dias 28 a 31 de&hellip;<\/p>\n","protected":false},"author":1,"featured_media":2458,"comment_status":"closed","ping_status":"open","sticky":false,"template":"","format":"standard","meta":{"sfsi_plus_gutenberg_text_before_share":"","sfsi_plus_gutenberg_show_text_before_share":"","sfsi_plus_gutenberg_icon_type":"","sfsi_plus_gutenberg_icon_alignemt":"","sfsi_plus_gutenburg_max_per_row":"","footnotes":""},"categories":[6,10,1],"tags":[],"class_list":["post-2457","post","type-post","status-publish","format-standard","has-post-thumbnail","hentry","category-sao_paulo","category-destaques","category-noticias"],"_links":{"self":[{"href":"https:\/\/noticiasregionais.com.br\/index.php?rest_route=\/wp\/v2\/posts\/2457","targetHints":{"allow":["GET"]}}],"collection":[{"href":"https:\/\/noticiasregionais.com.br\/index.php?rest_route=\/wp\/v2\/posts"}],"about":[{"href":"https:\/\/noticiasregionais.com.br\/index.php?rest_route=\/wp\/v2\/types\/post"}],"author":[{"embeddable":true,"href":"https:\/\/noticiasregionais.com.br\/index.php?rest_route=\/wp\/v2\/users\/1"}],"replies":[{"embeddable":true,"href":"https:\/\/noticiasregionais.com.br\/index.php?rest_route=%2Fwp%2Fv2%2Fcomments&post=2457"}],"version-history":[{"count":1,"href":"https:\/\/noticiasregionais.com.br\/index.php?rest_route=\/wp\/v2\/posts\/2457\/revisions"}],"predecessor-version":[{"id":2459,"href":"https:\/\/noticiasregionais.com.br\/index.php?rest_route=\/wp\/v2\/posts\/2457\/revisions\/2459"}],"wp:featuredmedia":[{"embeddable":true,"href":"https:\/\/noticiasregionais.com.br\/index.php?rest_route=\/wp\/v2\/media\/2458"}],"wp:attachment":[{"href":"https:\/\/noticiasregionais.com.br\/index.php?rest_route=%2Fwp%2Fv2%2Fmedia&parent=2457"}],"wp:term":[{"taxonomy":"category","embeddable":true,"href":"https:\/\/noticiasregionais.com.br\/index.php?rest_route=%2Fwp%2Fv2%2Fcategories&post=2457"},{"taxonomy":"post_tag","embeddable":true,"href":"https:\/\/noticiasregionais.com.br\/index.php?rest_route=%2Fwp%2Fv2%2Ftags&post=2457"}],"curies":[{"name":"wp","href":"https:\/\/api.w.org\/{rel}","templated":true}]}}