{"id":246,"date":"2023-09-06T08:39:50","date_gmt":"2023-09-06T11:39:50","guid":{"rendered":"https:\/\/noticiasregionais.com.br\/?p=246"},"modified":"2023-09-06T08:39:50","modified_gmt":"2023-09-06T11:39:50","slug":"conheca-as-ocorrencias-atendidas-pelo-2o-bpm-nas-ultimas-horas","status":"publish","type":"post","link":"https:\/\/noticiasregionais.com.br\/?p=246","title":{"rendered":"Conhe\u00e7a as ocorr\u00eancias atendidas pelo 2\u00ba BPM nas \u00faltimas horas"},"content":{"rendered":"\n<p>Setor de Comunica\u00e7\u00e3o Social do Batalh\u00e3o de Jacarezinho-PR , que atende todo o Norte Pioneiro do Paran\u00e1 relata as ocorr\u00eancias de destaque atendidas nas \u00faltimas 24 horas.<\/p>\n\n\n\n<p>Os policiais militares do batalh\u00e3o atuam em diversas \u00e1reas, como policiamento ostensivo, policiamento comunit\u00e1rio, policiamento ambiental e policiamento de tr\u00e2nsito. <\/p>\n\n\n\n<p>O batalh\u00e3o \u00e9 uma institui\u00e7\u00e3o reconhecida pela sua atua\u00e7\u00e3o na defesa da sociedade. Os policiais militares do batalh\u00e3o s\u00e3o treinados para agir de forma profissional e \u00e9tica, sempre em defesa da lei e da ordem.<\/p>\n\n\n\n<p><strong>Alguns dos principais desafios enfrentados pelo batalh\u00e3o s\u00e3o a viol\u00eancia urbana e o tr\u00e1fico de drogas.<\/strong><\/p>\n\n\n\n<figure class=\"wp-block-audio\"><audio controls src=\"https:\/\/noticiasregionais.com.br\/wp-content\/uploads\/2023\/09\/Ocorrencias-06SET23.mp3\"><\/audio><\/figure>\n<input type=\"hidden\" id=\"baseurl\" value=\"https:\/\/noticiasregionais.com.br\"><input type=\"hidden\" id=\"audio_nonce\" value=\"533fbb67b1\">","protected":false},"excerpt":{"rendered":"<p>Setor de Comunica\u00e7\u00e3o Social do Batalh\u00e3o de Jacarezinho-PR , que atende todo o Norte Pioneiro do Paran\u00e1 relata as ocorr\u00eancias&hellip;<\/p>\n","protected":false},"author":1,"featured_media":248,"comment_status":"closed","ping_status":"open","sticky":false,"template":"","format":"standard","meta":{"sfsi_plus_gutenberg_text_before_share":"","sfsi_plus_gutenberg_show_text_before_share":"","sfsi_plus_gutenberg_icon_type":"","sfsi_plus_gutenberg_icon_alignemt":"","sfsi_plus_gutenburg_max_per_row":"","footnotes":""},"categories":[7,10,1],"tags":[],"class_list":["post-246","post","type-post","status-publish","format-standard","has-post-thumbnail","hentry","category-parana","category-destaques","category-noticias"],"_links":{"self":[{"href":"https:\/\/noticiasregionais.com.br\/index.php?rest_route=\/wp\/v2\/posts\/246","targetHints":{"allow":["GET"]}}],"collection":[{"href":"https:\/\/noticiasregionais.com.br\/index.php?rest_route=\/wp\/v2\/posts"}],"about":[{"href":"https:\/\/noticiasregionais.com.br\/index.php?rest_route=\/wp\/v2\/types\/post"}],"author":[{"embeddable":true,"href":"https:\/\/noticiasregionais.com.br\/index.php?rest_route=\/wp\/v2\/users\/1"}],"replies":[{"embeddable":true,"href":"https:\/\/noticiasregionais.com.br\/index.php?rest_route=%2Fwp%2Fv2%2Fcomments&post=246"}],"version-history":[{"count":1,"href":"https:\/\/noticiasregionais.com.br\/index.php?rest_route=\/wp\/v2\/posts\/246\/revisions"}],"predecessor-version":[{"id":249,"href":"https:\/\/noticiasregionais.com.br\/index.php?rest_route=\/wp\/v2\/posts\/246\/revisions\/249"}],"wp:featuredmedia":[{"embeddable":true,"href":"https:\/\/noticiasregionais.com.br\/index.php?rest_route=\/wp\/v2\/media\/248"}],"wp:attachment":[{"href":"https:\/\/noticiasregionais.com.br\/index.php?rest_route=%2Fwp%2Fv2%2Fmedia&parent=246"}],"wp:term":[{"taxonomy":"category","embeddable":true,"href":"https:\/\/noticiasregionais.com.br\/index.php?rest_route=%2Fwp%2Fv2%2Fcategories&post=246"},{"taxonomy":"post_tag","embeddable":true,"href":"https:\/\/noticiasregionais.com.br\/index.php?rest_route=%2Fwp%2Fv2%2Ftags&post=246"}],"curies":[{"name":"wp","href":"https:\/\/api.w.org\/{rel}","templated":true}]}}