{"id":2460,"date":"2024-04-02T16:19:20","date_gmt":"2024-04-02T19:19:20","guid":{"rendered":"https:\/\/noticiasregionais.com.br\/?p=2460"},"modified":"2024-04-02T16:19:32","modified_gmt":"2024-04-02T19:19:32","slug":"prf-prende-autor-de-feminicidio-ocorrido-em-marilia-sp","status":"publish","type":"post","link":"https:\/\/noticiasregionais.com.br\/?p=2460","title":{"rendered":"PRF prende autor de feminic\u00eddio ocorrido em Mar\u00edlia (SP)"},"content":{"rendered":"\n<p class=\"has-text-align-center\"><strong>O autor fugia com o ve\u00edculo da v\u00edtima quando foi detido j\u00e1 pr\u00f3ximo a fronteira do Brasil, em Francisco Alves (PR)<\/strong><\/p>\n\n\n\n<p>A Pol\u00edcia Rodovi\u00e1ria Federal (PRF), na noite deste domingo (31), realizou a pris\u00e3o em flagrante do autor de um feminic\u00eddio ocorrido na madrugada desta data, na cidade de Mar\u00edlia (SP).<\/p>\n\n\n\n<p>Com informa\u00e7\u00f5es do crime e seu autor, policiais rodovi\u00e1rios federais conseguiram localizar e prender o homem, de 56 anos, na BR-272, em Francisco Alves (PR), quando, de posse do carro da v\u00edtima, um Hyundai\/IX35, tentava fugir para o Paraguai.<\/p>\n\n\n\n<p>O crime ocorreu no in\u00edcio da madrugada de P\u00e1scoa em Mar\u00edlia (SP), quando o autor desferiu diversas facadas em sua companheira, de 49 anos, que n\u00e3o resistiu aos ferimentos&nbsp;e&nbsp;morreu.<\/p>\n<input type=\"hidden\" id=\"baseurl\" value=\"https:\/\/noticiasregionais.com.br\"><input type=\"hidden\" id=\"audio_nonce\" value=\"533fbb67b1\">","protected":false},"excerpt":{"rendered":"<p>O autor fugia com o ve\u00edculo da v\u00edtima quando foi detido j\u00e1 pr\u00f3ximo a fronteira do Brasil, em Francisco Alves&hellip;<\/p>\n","protected":false},"author":1,"featured_media":2461,"comment_status":"closed","ping_status":"open","sticky":false,"template":"","format":"standard","meta":{"sfsi_plus_gutenberg_text_before_share":"","sfsi_plus_gutenberg_show_text_before_share":"","sfsi_plus_gutenberg_icon_type":"","sfsi_plus_gutenberg_icon_alignemt":"","sfsi_plus_gutenburg_max_per_row":"","footnotes":""},"categories":[7,10,1],"tags":[],"class_list":["post-2460","post","type-post","status-publish","format-standard","has-post-thumbnail","hentry","category-parana","category-destaques","category-noticias"],"_links":{"self":[{"href":"https:\/\/noticiasregionais.com.br\/index.php?rest_route=\/wp\/v2\/posts\/2460","targetHints":{"allow":["GET"]}}],"collection":[{"href":"https:\/\/noticiasregionais.com.br\/index.php?rest_route=\/wp\/v2\/posts"}],"about":[{"href":"https:\/\/noticiasregionais.com.br\/index.php?rest_route=\/wp\/v2\/types\/post"}],"author":[{"embeddable":true,"href":"https:\/\/noticiasregionais.com.br\/index.php?rest_route=\/wp\/v2\/users\/1"}],"replies":[{"embeddable":true,"href":"https:\/\/noticiasregionais.com.br\/index.php?rest_route=%2Fwp%2Fv2%2Fcomments&post=2460"}],"version-history":[{"count":1,"href":"https:\/\/noticiasregionais.com.br\/index.php?rest_route=\/wp\/v2\/posts\/2460\/revisions"}],"predecessor-version":[{"id":2462,"href":"https:\/\/noticiasregionais.com.br\/index.php?rest_route=\/wp\/v2\/posts\/2460\/revisions\/2462"}],"wp:featuredmedia":[{"embeddable":true,"href":"https:\/\/noticiasregionais.com.br\/index.php?rest_route=\/wp\/v2\/media\/2461"}],"wp:attachment":[{"href":"https:\/\/noticiasregionais.com.br\/index.php?rest_route=%2Fwp%2Fv2%2Fmedia&parent=2460"}],"wp:term":[{"taxonomy":"category","embeddable":true,"href":"https:\/\/noticiasregionais.com.br\/index.php?rest_route=%2Fwp%2Fv2%2Fcategories&post=2460"},{"taxonomy":"post_tag","embeddable":true,"href":"https:\/\/noticiasregionais.com.br\/index.php?rest_route=%2Fwp%2Fv2%2Ftags&post=2460"}],"curies":[{"name":"wp","href":"https:\/\/api.w.org\/{rel}","templated":true}]}}