{"id":2463,"date":"2024-04-02T16:43:28","date_gmt":"2024-04-02T19:43:28","guid":{"rendered":"https:\/\/noticiasregionais.com.br\/?p=2463"},"modified":"2024-04-02T16:43:31","modified_gmt":"2024-04-02T19:43:31","slug":"mulher-e-baleada-pelo-ex-marido-em-jacarezinho-e-suspeitos-sao-presos","status":"publish","type":"post","link":"https:\/\/noticiasregionais.com.br\/?p=2463","title":{"rendered":"Mulher \u00e9 baleada pelo ex-marido em Jacarezinho e suspeitos s\u00e3o presos"},"content":{"rendered":"\n<p>Na madrugada de 31\/03, uma mulher foi v\u00edtima de tentativa de feminic\u00eddio por parte do seu ex-marido na rua Juriti, no bairro Jardim S\u00e3o Luis 2, em Jacarezinho\/PR.<\/p>\n\n\n\n<p>Segundo informa\u00e7\u00f5es da Pol\u00edcia Militar, a equipe do SAMU acionou os policiais por volta das 5h30 da manh\u00e3, informando que uma mulher havia sido baleada. No local, a v\u00edtima, que estava consciente, relatou aos policiais que seu ex-marido havia efetuado diversos disparos contra ela, em dire\u00e7\u00e3o \u00e0 sua cabe\u00e7a. Em seguida, ele teria fugido para Santo Ant\u00f4nio da Platina levando os dois filhos do casal.<\/p>\n\n\n\n<p>A v\u00edtima foi encaminhada para atendimento m\u00e9dico no Hospital Municipal de Jacarezinho.<\/p>\n\n\n\n<p><strong>Pris\u00e3o dos suspeitos<\/strong><\/p>\n\n\n\n<p>Ap\u00f3s dilig\u00eancias, os policiais militares localizaram o ex-marido da v\u00edtima em Santo Ant\u00f4nio da Platina. Ele foi preso em flagrante e encaminhado para a Delegacia de Pol\u00edcia de Jacarezinho.<\/p>\n\n\n\n<p>Ainda durante as buscas, os policiais identificaram um segundo envolvido no crime. Com ele, foram encontradas doze muni\u00e7\u00f5es de arma de fogo calibre .32. Ele tamb\u00e9m foi preso e conduzido \u00e0 Delegacia.<\/p>\n\n\n\n<p><strong>Investiga\u00e7\u00e3o<\/strong><\/p>\n\n\n\n<p>O caso est\u00e1 sendo investigado pela Pol\u00edcia Civil de Jacarezinho. A motiva\u00e7\u00e3o do crime ainda n\u00e3o foi esclarecida.<\/p>\n\n\n\n<p><strong>Agress\u00f5es contra mulheres<\/strong><\/p>\n\n\n\n<p>A viol\u00eancia contra a mulher \u00e9 um problema grave no Brasil. Em 2023, foram registrados 1.319 feminic\u00eddios no pa\u00eds, segundo o Anu\u00e1rio Brasileiro de Seguran\u00e7a P\u00fablica. O n\u00famero representa um aumento de 7,5% em rela\u00e7\u00e3o ao ano anterior.<\/p>\n\n\n\n<p><strong>Canais de den\u00fancia<\/strong><\/p>\n\n\n\n<p>Em caso de viol\u00eancia contra a mulher, as v\u00edtimas podem denunciar o crime pelos seguintes canais:<\/p>\n\n\n\n<ul class=\"wp-block-list\">\n<li><strong>Ligue 180:<\/strong>&nbsp;Central de Atendimento \u00e0 Mulher em Situa\u00e7\u00e3o de Viol\u00eancia<\/li>\n\n\n\n<li><strong>Disque 100:<\/strong>&nbsp;Disque Direitos Humanos<\/li>\n\n\n\n<li><strong>Pol\u00edcia Militar:<\/strong>&nbsp;190<\/li>\n\n\n\n<li><strong>Pol\u00edcia Civil:<\/strong>&nbsp;Delegacia de Pol\u00edcia da Mulher<\/li>\n<\/ul>\n\n\n\n<p><strong>Denunciar \u00e9 importante para que os autores de viol\u00eancia contra a mulher sejam punidos e para que as v\u00edtimas recebam o apoio necess\u00e1rio.<\/strong><\/p>\n<input type=\"hidden\" id=\"baseurl\" value=\"https:\/\/noticiasregionais.com.br\"><input type=\"hidden\" id=\"audio_nonce\" value=\"533fbb67b1\">","protected":false},"excerpt":{"rendered":"<p>Na madrugada de 31\/03, uma mulher foi v\u00edtima de tentativa de feminic\u00eddio por parte do seu ex-marido na rua Juriti,&hellip;<\/p>\n","protected":false},"author":1,"featured_media":2464,"comment_status":"closed","ping_status":"open","sticky":false,"template":"","format":"standard","meta":{"sfsi_plus_gutenberg_text_before_share":"","sfsi_plus_gutenberg_show_text_before_share":"","sfsi_plus_gutenberg_icon_type":"","sfsi_plus_gutenberg_icon_alignemt":"","sfsi_plus_gutenburg_max_per_row":"","footnotes":""},"categories":[7,10,1],"tags":[],"class_list":["post-2463","post","type-post","status-publish","format-standard","has-post-thumbnail","hentry","category-parana","category-destaques","category-noticias"],"_links":{"self":[{"href":"https:\/\/noticiasregionais.com.br\/index.php?rest_route=\/wp\/v2\/posts\/2463","targetHints":{"allow":["GET"]}}],"collection":[{"href":"https:\/\/noticiasregionais.com.br\/index.php?rest_route=\/wp\/v2\/posts"}],"about":[{"href":"https:\/\/noticiasregionais.com.br\/index.php?rest_route=\/wp\/v2\/types\/post"}],"author":[{"embeddable":true,"href":"https:\/\/noticiasregionais.com.br\/index.php?rest_route=\/wp\/v2\/users\/1"}],"replies":[{"embeddable":true,"href":"https:\/\/noticiasregionais.com.br\/index.php?rest_route=%2Fwp%2Fv2%2Fcomments&post=2463"}],"version-history":[{"count":1,"href":"https:\/\/noticiasregionais.com.br\/index.php?rest_route=\/wp\/v2\/posts\/2463\/revisions"}],"predecessor-version":[{"id":2465,"href":"https:\/\/noticiasregionais.com.br\/index.php?rest_route=\/wp\/v2\/posts\/2463\/revisions\/2465"}],"wp:featuredmedia":[{"embeddable":true,"href":"https:\/\/noticiasregionais.com.br\/index.php?rest_route=\/wp\/v2\/media\/2464"}],"wp:attachment":[{"href":"https:\/\/noticiasregionais.com.br\/index.php?rest_route=%2Fwp%2Fv2%2Fmedia&parent=2463"}],"wp:term":[{"taxonomy":"category","embeddable":true,"href":"https:\/\/noticiasregionais.com.br\/index.php?rest_route=%2Fwp%2Fv2%2Fcategories&post=2463"},{"taxonomy":"post_tag","embeddable":true,"href":"https:\/\/noticiasregionais.com.br\/index.php?rest_route=%2Fwp%2Fv2%2Ftags&post=2463"}],"curies":[{"name":"wp","href":"https:\/\/api.w.org\/{rel}","templated":true}]}}