{"id":2466,"date":"2024-04-03T05:07:00","date_gmt":"2024-04-03T08:07:00","guid":{"rendered":"https:\/\/noticiasregionais.com.br\/?p=2466"},"modified":"2024-04-03T09:01:13","modified_gmt":"2024-04-03T12:01:13","slug":"operacao-semana-santa-pm-apreende-armas-municao-e-drogas-em-chacara-em-piraju","status":"publish","type":"post","link":"https:\/\/noticiasregionais.com.br\/?p=2466","title":{"rendered":"Opera\u00e7\u00e3o Semana Santa: PM apreende armas, muni\u00e7\u00e3o e drogas em ch\u00e1cara em Piraju"},"content":{"rendered":"\n<p class=\"has-text-align-center\"><strong>Sete armas, muni\u00e7\u00f5es e dinheiro tamb\u00e9m foram encontrados no im\u00f3vel<\/strong><\/p>\n\n\n\n<p>A Pol\u00edcia Militar apreendeu drogas, dinheiro, armas de fogo e muni\u00e7\u00f5es em uma ch\u00e1cara, na zona rural de Piraju, no interior de S\u00e3o Paulo. A a\u00e7\u00e3o aconteceu no domingo (31) durante a Opera\u00e7\u00e3o Impacto Semana Santa.<\/p>\n\n\n\n<p>A equipe do 53\u00ba Batalh\u00e3o de Pol\u00edcia Militar do Interior recebeu a informa\u00e7\u00e3o de que havia homens armados em uma ch\u00e1cara, na Vila Santo Ant\u00f4nio. No caminho, as equipes abordaram um suspeito, que quando questionado sobre o local, fugiu e dificultou a passagem dos policiais abrindo uma porteira para o gado.<\/p>\n\n\n\n<p>Os PMs chegaram ao endere\u00e7o. O im\u00f3vel estava vazio. Por\u00e9m, os policiais encontraram tr\u00eas espingardas, uma carabina, dois rev\u00f3lveres calibres 38, uma pistola calibre 45, 277 muni\u00e7\u00f5es. Tamb\u00e9m havia tr\u00eas quilos de drogas, entre maconha, coca\u00edna, crack e LSD, al\u00e9m de utens\u00edlios para o embalo e pesagem do entorpecente. R$ 130 mil foram apreendidos na ch\u00e1cara.<\/p>\n\n\n\n<p>O caso foi registrado como tr\u00e1fico de drogas, associa\u00e7\u00e3o criminosa, posse ilegal de arma de fogo e posse irregular de arma de fogo, no 1\u00b0 Distrito Policial (Piraju). A Pol\u00edcia Civil agora d\u00e1 sequ\u00eancia \u00e0s investiga\u00e7\u00f5es para identificar o propriet\u00e1rio das armas e das drogas.<\/p>\n<input type=\"hidden\" id=\"baseurl\" value=\"https:\/\/noticiasregionais.com.br\"><input type=\"hidden\" id=\"audio_nonce\" value=\"533fbb67b1\">","protected":false},"excerpt":{"rendered":"<p>Sete armas, muni\u00e7\u00f5es e dinheiro tamb\u00e9m foram encontrados no im\u00f3vel A Pol\u00edcia Militar apreendeu drogas, dinheiro, armas de fogo e&hellip;<\/p>\n","protected":false},"author":1,"featured_media":2467,"comment_status":"closed","ping_status":"open","sticky":false,"template":"","format":"standard","meta":{"sfsi_plus_gutenberg_text_before_share":"","sfsi_plus_gutenberg_show_text_before_share":"","sfsi_plus_gutenberg_icon_type":"","sfsi_plus_gutenberg_icon_alignemt":"","sfsi_plus_gutenburg_max_per_row":"","footnotes":""},"categories":[6,10,1],"tags":[],"class_list":["post-2466","post","type-post","status-publish","format-standard","has-post-thumbnail","hentry","category-sao_paulo","category-destaques","category-noticias"],"_links":{"self":[{"href":"https:\/\/noticiasregionais.com.br\/index.php?rest_route=\/wp\/v2\/posts\/2466","targetHints":{"allow":["GET"]}}],"collection":[{"href":"https:\/\/noticiasregionais.com.br\/index.php?rest_route=\/wp\/v2\/posts"}],"about":[{"href":"https:\/\/noticiasregionais.com.br\/index.php?rest_route=\/wp\/v2\/types\/post"}],"author":[{"embeddable":true,"href":"https:\/\/noticiasregionais.com.br\/index.php?rest_route=\/wp\/v2\/users\/1"}],"replies":[{"embeddable":true,"href":"https:\/\/noticiasregionais.com.br\/index.php?rest_route=%2Fwp%2Fv2%2Fcomments&post=2466"}],"version-history":[{"count":1,"href":"https:\/\/noticiasregionais.com.br\/index.php?rest_route=\/wp\/v2\/posts\/2466\/revisions"}],"predecessor-version":[{"id":2468,"href":"https:\/\/noticiasregionais.com.br\/index.php?rest_route=\/wp\/v2\/posts\/2466\/revisions\/2468"}],"wp:featuredmedia":[{"embeddable":true,"href":"https:\/\/noticiasregionais.com.br\/index.php?rest_route=\/wp\/v2\/media\/2467"}],"wp:attachment":[{"href":"https:\/\/noticiasregionais.com.br\/index.php?rest_route=%2Fwp%2Fv2%2Fmedia&parent=2466"}],"wp:term":[{"taxonomy":"category","embeddable":true,"href":"https:\/\/noticiasregionais.com.br\/index.php?rest_route=%2Fwp%2Fv2%2Fcategories&post=2466"},{"taxonomy":"post_tag","embeddable":true,"href":"https:\/\/noticiasregionais.com.br\/index.php?rest_route=%2Fwp%2Fv2%2Ftags&post=2466"}],"curies":[{"name":"wp","href":"https:\/\/api.w.org\/{rel}","templated":true}]}}