{"id":2469,"date":"2024-04-03T07:29:17","date_gmt":"2024-04-03T10:29:17","guid":{"rendered":"https:\/\/noticiasregionais.com.br\/?p=2469"},"modified":"2024-04-03T08:39:46","modified_gmt":"2024-04-03T11:39:46","slug":"desembargador-do-trf-4-nega-isencao-do-pedagio-a-todos-os-moradores-de-jacarezinho","status":"publish","type":"post","link":"https:\/\/noticiasregionais.com.br\/?p=2469","title":{"rendered":"Desembargador do TRF-4 nega isen\u00e7\u00e3o do ped\u00e1gio a todos os moradores de Jacarezinho"},"content":{"rendered":"\n<p class=\"has-text-align-center\"><strong>Apenas pessoas que moram em Marques dos Reis n\u00e3o pagam a tarifa.<\/strong><\/p>\n\n\n\n<p>O desembargador Luiz Antonio Bonat, do Tribunal Regional Federal da 4\u00aa Regi\u00e3o (TRF-4), negou o pedido do Minist\u00e9rio P\u00fablico Federal (MPF) para que todos os moradores de Jacarezinho, norte pioneiro do Paran\u00e1, n\u00e3o tivessem que pagar a tarifa no ped\u00e1gio localizado entre a BR-369 e a BR-153.<\/p>\n\n\n\n<p>Segundo o Censo 2022, divulgado pelo Instituto Brasileiro de Geografia e Estat\u00edstica (IBGE), a cidade tem 40.375 habitantes.<\/p>\n\n\n\n<p>A tarifa nesta pra\u00e7a para carros de passeio, caminhonetes e furg\u00f5es \u00e9 de R$ 12. Caminh\u00f5es leves, \u00f4nibus, caminh\u00f5es-tratores e furg\u00f5es de dois eixos pagam R$ 24.<\/p>\n\n\n\n<p>A isen\u00e7\u00e3o, caso fosse concedida, valeria apenas para o ped\u00e1gio situado no cruzamento entre as duas rodovias federais. Jacarezinho tem outro ped\u00e1gio, que fica na BR-369.<\/p>\n\n\n\n<p>As duas pra\u00e7as s\u00e3o administradas pela empresa EPR Litoral Pioneiro desde o dia 23 de mar\u00e7o. Ela tamb\u00e9m \u00e9 respons\u00e1vel por outros postos de cobran\u00e7a do lote 2 das concess\u00f5es no Paran\u00e1.<\/p>\n\n\n\n<p><sub><strong>fonte: G1 Paran\u00e1 Norte-Noroeste<\/strong><\/sub><\/p>\n<input type=\"hidden\" id=\"baseurl\" value=\"https:\/\/noticiasregionais.com.br\"><input type=\"hidden\" id=\"audio_nonce\" value=\"533fbb67b1\">","protected":false},"excerpt":{"rendered":"<p>Apenas pessoas que moram em Marques dos Reis n\u00e3o pagam a tarifa. O desembargador Luiz Antonio Bonat, do Tribunal Regional&hellip;<\/p>\n","protected":false},"author":1,"featured_media":2470,"comment_status":"closed","ping_status":"open","sticky":false,"template":"","format":"standard","meta":{"sfsi_plus_gutenberg_text_before_share":"","sfsi_plus_gutenberg_show_text_before_share":"","sfsi_plus_gutenberg_icon_type":"","sfsi_plus_gutenberg_icon_alignemt":"","sfsi_plus_gutenburg_max_per_row":"","footnotes":""},"categories":[7,10,1],"tags":[],"class_list":["post-2469","post","type-post","status-publish","format-standard","has-post-thumbnail","hentry","category-parana","category-destaques","category-noticias"],"_links":{"self":[{"href":"https:\/\/noticiasregionais.com.br\/index.php?rest_route=\/wp\/v2\/posts\/2469","targetHints":{"allow":["GET"]}}],"collection":[{"href":"https:\/\/noticiasregionais.com.br\/index.php?rest_route=\/wp\/v2\/posts"}],"about":[{"href":"https:\/\/noticiasregionais.com.br\/index.php?rest_route=\/wp\/v2\/types\/post"}],"author":[{"embeddable":true,"href":"https:\/\/noticiasregionais.com.br\/index.php?rest_route=\/wp\/v2\/users\/1"}],"replies":[{"embeddable":true,"href":"https:\/\/noticiasregionais.com.br\/index.php?rest_route=%2Fwp%2Fv2%2Fcomments&post=2469"}],"version-history":[{"count":1,"href":"https:\/\/noticiasregionais.com.br\/index.php?rest_route=\/wp\/v2\/posts\/2469\/revisions"}],"predecessor-version":[{"id":2471,"href":"https:\/\/noticiasregionais.com.br\/index.php?rest_route=\/wp\/v2\/posts\/2469\/revisions\/2471"}],"wp:featuredmedia":[{"embeddable":true,"href":"https:\/\/noticiasregionais.com.br\/index.php?rest_route=\/wp\/v2\/media\/2470"}],"wp:attachment":[{"href":"https:\/\/noticiasregionais.com.br\/index.php?rest_route=%2Fwp%2Fv2%2Fmedia&parent=2469"}],"wp:term":[{"taxonomy":"category","embeddable":true,"href":"https:\/\/noticiasregionais.com.br\/index.php?rest_route=%2Fwp%2Fv2%2Fcategories&post=2469"},{"taxonomy":"post_tag","embeddable":true,"href":"https:\/\/noticiasregionais.com.br\/index.php?rest_route=%2Fwp%2Fv2%2Ftags&post=2469"}],"curies":[{"name":"wp","href":"https:\/\/api.w.org\/{rel}","templated":true}]}}