{"id":2472,"date":"2024-04-03T08:38:08","date_gmt":"2024-04-03T11:38:08","guid":{"rendered":"https:\/\/noticiasregionais.com.br\/?p=2472"},"modified":"2024-04-03T08:38:11","modified_gmt":"2024-04-03T11:38:11","slug":"com-auxilio-dos-caes-farejadores-prf-prende-elemento-com-drogas-na-br-153-em-ourinhos","status":"publish","type":"post","link":"https:\/\/noticiasregionais.com.br\/?p=2472","title":{"rendered":"Com aux\u00edlio dos c\u00e3es farejadores, PRF prende elemento com drogas na BR 153 em Ourinhos"},"content":{"rendered":"\n<p>\u00c0 00h30 do dia 03\/04\/2024, no Km 345 da BR 153, sentido PR-SP, foi dada ordem de parada ao \u00f4nibus de linha da empresa Via\u00e7\u00e3o Garcia, Maring\u00e1\/PR x S\u00e3o Paulo\/SP. Ao iniciar o procedimento de fiscaliza\u00e7\u00e3o pelo bagageiro inferior do \u00f4nibus, os c\u00e3es farejadores Roma, Zasko e Bruce indicaram em duas malas, uma de cor preta. Ao confrontar a identifica\u00e7\u00e3o das malas com a lista de controle do motorista, foi verificado que pertencia ao passageiro da poltrona 19, o qual foi convidado a participar da vistoria na suas bagagens, feito a vistoria no conte\u00fado das malas, foram encontrados 40 Tabletes (32,81 Kg) contendo subst\u00e2ncia similar a Maconha e 10 envolucros de subst\u00e2ncia similar a Skunk (2,76 kg). O passageiro prontamente assumiu a propriedade das malas e relatou que, a pedido de um desconhecido em S\u00e3o Paulo\/SP, pegou as malas em local desconhecido e ermo em Maring\u00e1\/PR e levaria at\u00e9 a Rodovi\u00e1ria da Barra Funda\/SP. O passageiro sabia que se tratava de enterpocente, por\u00e9m n\u00e3o sabia afirmar qual o tipo, nem a quantidade que transportava. Informou, ainda, que receberia o valor de R$ 2.000,00 pelo transporte. Diante dos fatos foi dado voz de pris\u00e3o ao passageiro por tr\u00e1fico de drogas e encaminhado a Pol\u00edcia Civil de Ourinhos. O crime tem pena prevista de at\u00e9 15&nbsp;anos&nbsp;de&nbsp;pris\u00e3o.<\/p>\n<input type=\"hidden\" id=\"baseurl\" value=\"https:\/\/noticiasregionais.com.br\"><input type=\"hidden\" id=\"audio_nonce\" value=\"533fbb67b1\">","protected":false},"excerpt":{"rendered":"<p>\u00c0 00h30 do dia 03\/04\/2024, no Km 345 da BR 153, sentido PR-SP, foi dada ordem de parada ao \u00f4nibus&hellip;<\/p>\n","protected":false},"author":1,"featured_media":2473,"comment_status":"closed","ping_status":"open","sticky":false,"template":"","format":"standard","meta":{"sfsi_plus_gutenberg_text_before_share":"","sfsi_plus_gutenberg_show_text_before_share":"","sfsi_plus_gutenberg_icon_type":"","sfsi_plus_gutenberg_icon_alignemt":"","sfsi_plus_gutenburg_max_per_row":"","footnotes":""},"categories":[5,12,1],"tags":[],"class_list":["post-2472","post","type-post","status-publish","format-standard","has-post-thumbnail","hentry","category-ourinhos","category-capa","category-noticias"],"_links":{"self":[{"href":"https:\/\/noticiasregionais.com.br\/index.php?rest_route=\/wp\/v2\/posts\/2472","targetHints":{"allow":["GET"]}}],"collection":[{"href":"https:\/\/noticiasregionais.com.br\/index.php?rest_route=\/wp\/v2\/posts"}],"about":[{"href":"https:\/\/noticiasregionais.com.br\/index.php?rest_route=\/wp\/v2\/types\/post"}],"author":[{"embeddable":true,"href":"https:\/\/noticiasregionais.com.br\/index.php?rest_route=\/wp\/v2\/users\/1"}],"replies":[{"embeddable":true,"href":"https:\/\/noticiasregionais.com.br\/index.php?rest_route=%2Fwp%2Fv2%2Fcomments&post=2472"}],"version-history":[{"count":1,"href":"https:\/\/noticiasregionais.com.br\/index.php?rest_route=\/wp\/v2\/posts\/2472\/revisions"}],"predecessor-version":[{"id":2474,"href":"https:\/\/noticiasregionais.com.br\/index.php?rest_route=\/wp\/v2\/posts\/2472\/revisions\/2474"}],"wp:featuredmedia":[{"embeddable":true,"href":"https:\/\/noticiasregionais.com.br\/index.php?rest_route=\/wp\/v2\/media\/2473"}],"wp:attachment":[{"href":"https:\/\/noticiasregionais.com.br\/index.php?rest_route=%2Fwp%2Fv2%2Fmedia&parent=2472"}],"wp:term":[{"taxonomy":"category","embeddable":true,"href":"https:\/\/noticiasregionais.com.br\/index.php?rest_route=%2Fwp%2Fv2%2Fcategories&post=2472"},{"taxonomy":"post_tag","embeddable":true,"href":"https:\/\/noticiasregionais.com.br\/index.php?rest_route=%2Fwp%2Fv2%2Ftags&post=2472"}],"curies":[{"name":"wp","href":"https:\/\/api.w.org\/{rel}","templated":true}]}}