{"id":2482,"date":"2024-04-03T22:04:20","date_gmt":"2024-04-04T01:04:20","guid":{"rendered":"https:\/\/noticiasregionais.com.br\/?p=2482"},"modified":"2024-04-03T22:04:32","modified_gmt":"2024-04-04T01:04:32","slug":"operacao-conjunta-entre-k9-do-13o-baep-e-policia-civil-prende-tres-e-apreende-grande-quantidade-de-drogas-e-municoes-em-oleo-e-manduri","status":"publish","type":"post","link":"https:\/\/noticiasregionais.com.br\/?p=2482","title":{"rendered":"Opera\u00e7\u00e3o conjunta entre K9 do 13\u00ba BAEP e Pol\u00edcia Civil prende tr\u00eas e apreende grande quantidade de drogas e muni\u00e7\u00f5es em \u00d3leo e Manduri"},"content":{"rendered":"\n<p>Em uma opera\u00e7\u00e3o conjunta entre a Equipe K9 do 13\u00ba Batalh\u00e3o de A\u00e7\u00f5es Especiais de Pol\u00edcia (BAEP) e a Pol\u00edcia Civil, tr\u00eas indiv\u00edduos foram presos e uma grande quantidade de drogas e muni\u00e7\u00f5es foi apreendida nas cidades de \u00d3leo e Manduri, no interior de S\u00e3o Paulo.<\/p>\n\n\n\n<p>A a\u00e7\u00e3o teve in\u00edcio com o cumprimento de um mandado de busca e apreens\u00e3o na resid\u00eancia de Ronis L. O., 22 anos, e sua am\u00e1sia Gabrielle V. R. S., 22 anos, em \u00d3leo. Com o aux\u00edlio de um c\u00e3o farejador, os policiais localizaram uma bolsa no quarto do casal que continha 1.548 unidades pl\u00e1sticas embaladas a v\u00e1cuo com coca\u00edna (1.285 kg), uma por\u00e7\u00e3o de maconha (0,022 kg) e quatro muni\u00e7\u00f5es intactas de calibre 38.<\/p>\n\n\n\n<p>Ap\u00f3s investiga\u00e7\u00f5es, a equipe K9 do 13\u00ba BAEP se dirigiu \u00e0 resid\u00eancia de Igor L. H., 27 anos, em Manduri, apontado como s\u00f3cio de Ronis no tr\u00e1fico de drogas. Ao perceber a aproxima\u00e7\u00e3o dos policiais, Igor tentou fugir pulando muros, mas foi capturado. Na busca domiciliar, os policiais localizaram 30 unidades pl\u00e1sticas embaladas a v\u00e1cuo com coca\u00edna (0,032 kg) escondidas no colch\u00e3o do indiv\u00edduo.<\/p>\n\n\n\n<p>Ronis, al\u00e9m de ser preso em flagrante por tr\u00e1fico de drogas e posse de muni\u00e7\u00e3o, tamb\u00e9m tinha dois mandados de pris\u00e3o em aberto por homic\u00eddio expedidos pela Comarca de Iracema, no Cear\u00e1. Ele, Gabrielle e Igor foram levados \u00e0 Delegacia de Investiga\u00e7\u00f5es Sobre Entorpecentes (DISE) de Ourinhos, onde permaneceram \u00e0 disposi\u00e7\u00e3o da Justi\u00e7a.<\/p>\n\n\n\n<p><strong>Apreens\u00f5es:<\/strong><\/p>\n\n\n\n<ul class=\"wp-block-list\">\n<li>1.578 unidades pl\u00e1sticas embaladas a v\u00e1cuo com coca\u00edna (1.317 kg)<\/li>\n\n\n\n<li>0,022 kg de maconha<\/li>\n\n\n\n<li>04 muni\u00e7\u00f5es intactas de calibre 38<\/li>\n<\/ul>\n\n\n\n<p><strong>Presos:<\/strong><\/p>\n\n\n\n<ul class=\"wp-block-list\">\n<li>Ronis L. O., 22 anos<\/li>\n\n\n\n<li>Gabrielle V. R. S., 22 anos<\/li>\n\n\n\n<li>Igor L. H., 27 anos<\/li>\n<\/ul>\n\n\n\n<p><strong>Localidades:<\/strong><\/p>\n\n\n\n<ul class=\"wp-block-list\">\n<li>\u00d3leo, SP<\/li>\n\n\n\n<li>Manduri, SP<\/li>\n<\/ul>\n\n\n\n<p><strong>Unidade Policial:<\/strong><\/p>\n\n\n\n<ul class=\"wp-block-list\">\n<li>Equipe K9 do 13\u00ba BAEP<\/li>\n\n\n\n<li>Pol\u00edcia Civil<\/li>\n<\/ul>\n\n\n\n<p><strong>Delegacia:<\/strong><\/p>\n\n\n\n<ul class=\"wp-block-list\">\n<li>Delegacia de Investiga\u00e7\u00f5es Sobre Entorpecentes (DISE) de Ourinhos<\/li>\n<\/ul>\n\n\n\n<p><strong>Importante:<\/strong><\/p>\n\n\n\n<ul class=\"wp-block-list\">\n<li>A investiga\u00e7\u00e3o segue em andamento para identificar outros envolvidos no esquema de tr\u00e1fico de drogas.<\/li>\n\n\n\n<li>A Pol\u00edcia Civil refor\u00e7a a import\u00e2ncia da participa\u00e7\u00e3o da comunidade no combate ao crime. Den\u00fancias podem ser feitas pelo telefone 181.<\/li>\n<\/ul>\n\n\n\n<figure class=\"wp-block-gallery has-nested-images columns-default is-cropped wp-block-gallery-1 is-layout-flex wp-block-gallery-is-layout-flex\">\n<figure class=\"wp-block-image size-full\"><img decoding=\"async\" width=\"766\" height=\"616\" data-id=\"2485\" src=\"https:\/\/noticiasregionais.com.br\/wp-content\/uploads\/2024\/04\/WhatsApp-Image-2024-04-03-at-6.28.50-PM-1.jpeg\" alt=\"\" class=\"wp-image-2485\" srcset=\"https:\/\/noticiasregionais.com.br\/wp-content\/uploads\/2024\/04\/WhatsApp-Image-2024-04-03-at-6.28.50-PM-1.jpeg 766w, https:\/\/noticiasregionais.com.br\/wp-content\/uploads\/2024\/04\/WhatsApp-Image-2024-04-03-at-6.28.50-PM-1-300x241.jpeg 300w\" sizes=\"(max-width: 766px) 100vw, 766px\" \/><\/figure>\n\n\n\n<figure class=\"wp-block-image size-large\"><img decoding=\"async\" width=\"980\" height=\"960\" data-id=\"2484\" src=\"https:\/\/noticiasregionais.com.br\/wp-content\/uploads\/2024\/04\/WhatsApp-Image-2024-04-03-at-6.28.51-PM.jpeg\" alt=\"\" class=\"wp-image-2484\" srcset=\"https:\/\/noticiasregionais.com.br\/wp-content\/uploads\/2024\/04\/WhatsApp-Image-2024-04-03-at-6.28.51-PM.jpeg 980w, https:\/\/noticiasregionais.com.br\/wp-content\/uploads\/2024\/04\/WhatsApp-Image-2024-04-03-at-6.28.51-PM-300x294.jpeg 300w, https:\/\/noticiasregionais.com.br\/wp-content\/uploads\/2024\/04\/WhatsApp-Image-2024-04-03-at-6.28.51-PM-768x752.jpeg 768w\" sizes=\"(max-width: 980px) 100vw, 980px\" \/><\/figure>\n<\/figure>\n<input type=\"hidden\" id=\"baseurl\" value=\"https:\/\/noticiasregionais.com.br\"><input type=\"hidden\" id=\"audio_nonce\" value=\"533fbb67b1\">","protected":false},"excerpt":{"rendered":"<p>Em uma opera\u00e7\u00e3o conjunta entre a Equipe K9 do 13\u00ba Batalh\u00e3o de A\u00e7\u00f5es Especiais de Pol\u00edcia (BAEP) e a Pol\u00edcia&hellip;<\/p>\n","protected":false},"author":1,"featured_media":2483,"comment_status":"closed","ping_status":"open","sticky":false,"template":"","format":"standard","meta":{"sfsi_plus_gutenberg_text_before_share":"","sfsi_plus_gutenberg_show_text_before_share":"","sfsi_plus_gutenberg_icon_type":"","sfsi_plus_gutenberg_icon_alignemt":"","sfsi_plus_gutenburg_max_per_row":"","footnotes":""},"categories":[6,12,1],"tags":[],"class_list":["post-2482","post","type-post","status-publish","format-standard","has-post-thumbnail","hentry","category-sao_paulo","category-capa","category-noticias"],"_links":{"self":[{"href":"https:\/\/noticiasregionais.com.br\/index.php?rest_route=\/wp\/v2\/posts\/2482","targetHints":{"allow":["GET"]}}],"collection":[{"href":"https:\/\/noticiasregionais.com.br\/index.php?rest_route=\/wp\/v2\/posts"}],"about":[{"href":"https:\/\/noticiasregionais.com.br\/index.php?rest_route=\/wp\/v2\/types\/post"}],"author":[{"embeddable":true,"href":"https:\/\/noticiasregionais.com.br\/index.php?rest_route=\/wp\/v2\/users\/1"}],"replies":[{"embeddable":true,"href":"https:\/\/noticiasregionais.com.br\/index.php?rest_route=%2Fwp%2Fv2%2Fcomments&post=2482"}],"version-history":[{"count":1,"href":"https:\/\/noticiasregionais.com.br\/index.php?rest_route=\/wp\/v2\/posts\/2482\/revisions"}],"predecessor-version":[{"id":2486,"href":"https:\/\/noticiasregionais.com.br\/index.php?rest_route=\/wp\/v2\/posts\/2482\/revisions\/2486"}],"wp:featuredmedia":[{"embeddable":true,"href":"https:\/\/noticiasregionais.com.br\/index.php?rest_route=\/wp\/v2\/media\/2483"}],"wp:attachment":[{"href":"https:\/\/noticiasregionais.com.br\/index.php?rest_route=%2Fwp%2Fv2%2Fmedia&parent=2482"}],"wp:term":[{"taxonomy":"category","embeddable":true,"href":"https:\/\/noticiasregionais.com.br\/index.php?rest_route=%2Fwp%2Fv2%2Fcategories&post=2482"},{"taxonomy":"post_tag","embeddable":true,"href":"https:\/\/noticiasregionais.com.br\/index.php?rest_route=%2Fwp%2Fv2%2Ftags&post=2482"}],"curies":[{"name":"wp","href":"https:\/\/api.w.org\/{rel}","templated":true}]}}