{"id":2487,"date":"2024-04-03T22:11:23","date_gmt":"2024-04-04T01:11:23","guid":{"rendered":"https:\/\/noticiasregionais.com.br\/?p=2487"},"modified":"2024-04-03T22:11:35","modified_gmt":"2024-04-04T01:11:35","slug":"ourinhos-tem-vagas-gratuitas-para-cursos-de-mecanica-e-eletrica-automotiva","status":"publish","type":"post","link":"https:\/\/noticiasregionais.com.br\/?p=2487","title":{"rendered":"Ourinhos tem vagas gratuitas para cursos de mec\u00e2nica e el\u00e9trica automotiva"},"content":{"rendered":"\n<p>A Prefeitura de Ourinhos e o Governo do Estado de S\u00e3o Paulo disponibilizam uma oportunidade imperd\u00edvel para quem deseja se qualificar profissionalmente na \u00e1rea de mec\u00e2nica de ve\u00edculos automotores. Tr\u00eas cursos in\u00e9ditos do programa QualificaSP est\u00e3o com vagas gratuitas abertas com in\u00edcio na pr\u00f3xima semana, aqui no munic\u00edpio.<\/p>\n\n\n\n<p>As vagas s\u00e3o limitadas e as matr\u00edculas ser\u00e3o feitas por ordem de chegada, ent\u00e3o n\u00e3o perca tempo! Confira todas as informa\u00e7\u00f5es abaixo:<\/p>\n\n\n\n<p>\u00c9 GRATUITO?<\/p>\n\n\n\n<p>Sim, os cursos s\u00e3o 100% gratuitos e oferecidos pelo Governo do Estado de S\u00e3o Paulo.<\/p>\n\n\n\n<p>QUEM PODE SE INSCREVER?<\/p>\n\n\n\n<p>Qualquer pessoa acima de 16 anos, alfabetizada e residente em S\u00e3o Paulo. As turmas s\u00e3o limitadas a vinte alunos, com prefer\u00eancia a pessoas desempregadas.<\/p>\n\n\n\n<p>COMO SE INSCREVER?<\/p>\n\n\n\n<p>As inscri\u00e7\u00f5es s\u00e3o feitas totalmente online pelo site https:\/\/www.qualificasp.sp.gov.br\/onde-estudar . \u00c9 necess\u00e1rio possuir uma conta no sistema \u201chttp:\/\/gov.br \u201d para logar no site. Em caso de d\u00favidas, os servidores da sede da Secretaria de Desenvolvimento Econ\u00f4mico est\u00e3o dispon\u00edveis, de segunda a sexta-feira, das 8h \u00e0s 17h, localizada na Rua Cardoso Ribeiro, 290, Centro. Telefone para contato (14) 3302-1450.<\/p>\n\n\n\n<p>QUANDO E ONDE SER\u00c3O AS AULAS?<\/p>\n\n\n\n<p>Os cursos ser\u00e3o realizados em turnos diferentes durante vinte dias \u00fateis (segunda a sexta-feira). As aulas est\u00e3o previstas para come\u00e7ar no dia 9 de abril de 2024.<\/p>\n\n\n\n<p>Manh\u00e3 \u2013 8h \u00e0s 12h10: Mec\u00e2nica automotiva b\u00e1sica.<\/p>\n\n\n\n<p>Tarde \u2013 13h \u00e0s 17h10: Mec\u00e2nica de dire\u00e7\u00e3o, suspens\u00e3o e freios.<\/p>\n\n\n\n<p>Noite \u2013 18h \u00e0s 22h10: Eletricista de ve\u00edculos automotores.<\/p>\n\n\n\n<p>As aulas ser\u00e3o realizadas na carreta m\u00f3vel do programa Qualifica SP que ficar\u00e1 estacionada na Pra\u00e7a Melo Peixoto, no centro da cidade.<\/p>\n\n\n\n<p>O QUE VOU APRENDER?<\/p>\n\n\n\n<p>Eletricista de ve\u00edculos automotores (100 horas): Capacita o aluno para atuar em servi\u00e7os de instala\u00e7\u00e3o e manuten\u00e7\u00e3o eletroeletr\u00f4nica em ve\u00edculos, realizar manuten\u00e7\u00f5es preventivas, preditivas e corretivas, inspecionando ve\u00edculos automotores e diagnosticando defeitos eletroeletr\u00f4nicos.<\/p>\n\n\n\n<p>Mec\u00e2nica automotiva b\u00e1sica (100 horas): Capacita o aluno para auxiliar na manuten\u00e7\u00e3o de motores, sistemas e partes de ve\u00edculos, substitui\u00e7\u00e3o de pe\u00e7as, reparo e no teste de desempenho de componentes e sistemas, trabalhar em conformidade com normas e procedimentos t\u00e9cnicos, de qualidade, seguran\u00e7a e preserva\u00e7\u00e3o do meio ambiente.<\/p>\n\n\n\n<p>Mec\u00e2nica de dire\u00e7\u00e3o, suspens\u00e3o e freios (100 horas): Capacita o aluno para realizar manuten\u00e7\u00e3o preventiva e corretiva em sistemas convencionais de suspens\u00e3o, dire\u00e7\u00e3o e freios.<\/p>\n<input type=\"hidden\" id=\"baseurl\" value=\"https:\/\/noticiasregionais.com.br\"><input type=\"hidden\" id=\"audio_nonce\" value=\"533fbb67b1\">","protected":false},"excerpt":{"rendered":"<p>A Prefeitura de Ourinhos e o Governo do Estado de S\u00e3o Paulo disponibilizam uma oportunidade imperd\u00edvel para quem deseja se&hellip;<\/p>\n","protected":false},"author":1,"featured_media":2488,"comment_status":"closed","ping_status":"open","sticky":false,"template":"","format":"standard","meta":{"sfsi_plus_gutenberg_text_before_share":"","sfsi_plus_gutenberg_show_text_before_share":"","sfsi_plus_gutenberg_icon_type":"","sfsi_plus_gutenberg_icon_alignemt":"","sfsi_plus_gutenburg_max_per_row":"","footnotes":""},"categories":[5,10,1],"tags":[],"class_list":["post-2487","post","type-post","status-publish","format-standard","has-post-thumbnail","hentry","category-ourinhos","category-destaques","category-noticias"],"_links":{"self":[{"href":"https:\/\/noticiasregionais.com.br\/index.php?rest_route=\/wp\/v2\/posts\/2487","targetHints":{"allow":["GET"]}}],"collection":[{"href":"https:\/\/noticiasregionais.com.br\/index.php?rest_route=\/wp\/v2\/posts"}],"about":[{"href":"https:\/\/noticiasregionais.com.br\/index.php?rest_route=\/wp\/v2\/types\/post"}],"author":[{"embeddable":true,"href":"https:\/\/noticiasregionais.com.br\/index.php?rest_route=\/wp\/v2\/users\/1"}],"replies":[{"embeddable":true,"href":"https:\/\/noticiasregionais.com.br\/index.php?rest_route=%2Fwp%2Fv2%2Fcomments&post=2487"}],"version-history":[{"count":1,"href":"https:\/\/noticiasregionais.com.br\/index.php?rest_route=\/wp\/v2\/posts\/2487\/revisions"}],"predecessor-version":[{"id":2489,"href":"https:\/\/noticiasregionais.com.br\/index.php?rest_route=\/wp\/v2\/posts\/2487\/revisions\/2489"}],"wp:featuredmedia":[{"embeddable":true,"href":"https:\/\/noticiasregionais.com.br\/index.php?rest_route=\/wp\/v2\/media\/2488"}],"wp:attachment":[{"href":"https:\/\/noticiasregionais.com.br\/index.php?rest_route=%2Fwp%2Fv2%2Fmedia&parent=2487"}],"wp:term":[{"taxonomy":"category","embeddable":true,"href":"https:\/\/noticiasregionais.com.br\/index.php?rest_route=%2Fwp%2Fv2%2Fcategories&post=2487"},{"taxonomy":"post_tag","embeddable":true,"href":"https:\/\/noticiasregionais.com.br\/index.php?rest_route=%2Fwp%2Fv2%2Ftags&post=2487"}],"curies":[{"name":"wp","href":"https:\/\/api.w.org\/{rel}","templated":true}]}}