{"id":2490,"date":"2024-04-03T22:21:41","date_gmt":"2024-04-04T01:21:41","guid":{"rendered":"https:\/\/noticiasregionais.com.br\/?p=2490"},"modified":"2024-04-03T22:21:53","modified_gmt":"2024-04-04T01:21:53","slug":"traficante-e-preso-em-flagrante-no-jardim-do-sol-com-drogas-e-dinheiro","status":"publish","type":"post","link":"https:\/\/noticiasregionais.com.br\/?p=2490","title":{"rendered":"Traficante \u00e9 preso em flagrante no Jardim do Sol com drogas e dinheiro"},"content":{"rendered":"\n<p><strong>Ourinhos, SP<\/strong> \u2013 Na noite de ter\u00e7a-feira (02), uma equipe da For\u00e7a T\u00e1tica do 31\u00ba Batalh\u00e3o de Pol\u00edcia Militar (BPM\/I) prendeu um traficante de drogas em flagrante na cidade de Ourinhos.<\/p>\n\n\n\n<p>A a\u00e7\u00e3o teve in\u00edcio quando os policiais abordaram um indiv\u00edduo que portava maconha nas vestes. Durante entrevista, o homem indicou o local onde havia comprado a droga.<\/p>\n\n\n\n<p>Em seguida, a equipe se dirigiu ao endere\u00e7o indicado e abordou um homem que, em flagrante delito, foi preso por tr\u00e1fico de drogas. Na a\u00e7\u00e3o, foram apreendidas por\u00e7\u00f5es de coca\u00edna, crack e maconha, al\u00e9m de R$ 1.810,00 em dinheiro, embalagens e um celular.<\/p>\n\n\n\n<p>O usu\u00e1rio de drogas foi liberado ap\u00f3s prestar depoimento na Central de Pol\u00edcia Judici\u00e1ria, enquanto o traficante permaneceu preso \u00e0 disposi\u00e7\u00e3o da justi\u00e7a.<\/p>\n\n\n\n<p><strong>Apreens\u00f5es:<\/strong><\/p>\n\n\n\n<ul class=\"wp-block-list\">\n<li>Crack: 0,386 Kg<\/li>\n\n\n\n<li>Coca\u00edna: 0,025 Kg<\/li>\n\n\n\n<li>Maconha: 0,037 Kg<\/li>\n\n\n\n<li>Dinheiro: R$ 1.810,00<\/li>\n\n\n\n<li>Embalagens<\/li>\n\n\n\n<li>Celular<\/li>\n<\/ul>\n\n\n\n<p><strong>Local:<\/strong><\/p>\n\n\n\n<ul class=\"wp-block-list\">\n<li>Rua Manoel Miranda Filho, Ourinhos\/SP<\/li>\n<\/ul>\n\n\n\n<p><strong>Data e Hora:<\/strong><\/p>\n\n\n\n<ul class=\"wp-block-list\">\n<li>02 de abril, 19h30min<\/li>\n<\/ul>\n<input type=\"hidden\" id=\"baseurl\" value=\"https:\/\/noticiasregionais.com.br\"><input type=\"hidden\" id=\"audio_nonce\" value=\"533fbb67b1\">","protected":false},"excerpt":{"rendered":"<p>Ourinhos, SP \u2013 Na noite de ter\u00e7a-feira (02), uma equipe da For\u00e7a T\u00e1tica do 31\u00ba Batalh\u00e3o de Pol\u00edcia Militar (BPM\/I)&hellip;<\/p>\n","protected":false},"author":1,"featured_media":2491,"comment_status":"closed","ping_status":"open","sticky":false,"template":"","format":"standard","meta":{"sfsi_plus_gutenberg_text_before_share":"","sfsi_plus_gutenberg_show_text_before_share":"","sfsi_plus_gutenberg_icon_type":"","sfsi_plus_gutenberg_icon_alignemt":"","sfsi_plus_gutenburg_max_per_row":"","footnotes":""},"categories":[5,10,1],"tags":[],"class_list":["post-2490","post","type-post","status-publish","format-standard","has-post-thumbnail","hentry","category-ourinhos","category-destaques","category-noticias"],"_links":{"self":[{"href":"https:\/\/noticiasregionais.com.br\/index.php?rest_route=\/wp\/v2\/posts\/2490","targetHints":{"allow":["GET"]}}],"collection":[{"href":"https:\/\/noticiasregionais.com.br\/index.php?rest_route=\/wp\/v2\/posts"}],"about":[{"href":"https:\/\/noticiasregionais.com.br\/index.php?rest_route=\/wp\/v2\/types\/post"}],"author":[{"embeddable":true,"href":"https:\/\/noticiasregionais.com.br\/index.php?rest_route=\/wp\/v2\/users\/1"}],"replies":[{"embeddable":true,"href":"https:\/\/noticiasregionais.com.br\/index.php?rest_route=%2Fwp%2Fv2%2Fcomments&post=2490"}],"version-history":[{"count":1,"href":"https:\/\/noticiasregionais.com.br\/index.php?rest_route=\/wp\/v2\/posts\/2490\/revisions"}],"predecessor-version":[{"id":2492,"href":"https:\/\/noticiasregionais.com.br\/index.php?rest_route=\/wp\/v2\/posts\/2490\/revisions\/2492"}],"wp:featuredmedia":[{"embeddable":true,"href":"https:\/\/noticiasregionais.com.br\/index.php?rest_route=\/wp\/v2\/media\/2491"}],"wp:attachment":[{"href":"https:\/\/noticiasregionais.com.br\/index.php?rest_route=%2Fwp%2Fv2%2Fmedia&parent=2490"}],"wp:term":[{"taxonomy":"category","embeddable":true,"href":"https:\/\/noticiasregionais.com.br\/index.php?rest_route=%2Fwp%2Fv2%2Fcategories&post=2490"},{"taxonomy":"post_tag","embeddable":true,"href":"https:\/\/noticiasregionais.com.br\/index.php?rest_route=%2Fwp%2Fv2%2Ftags&post=2490"}],"curies":[{"name":"wp","href":"https:\/\/api.w.org\/{rel}","templated":true}]}}