{"id":2493,"date":"2024-04-03T22:44:04","date_gmt":"2024-04-04T01:44:04","guid":{"rendered":"https:\/\/noticiasregionais.com.br\/?p=2493"},"modified":"2024-04-03T22:44:51","modified_gmt":"2024-04-04T01:44:51","slug":"prefeitura-de-ourinhos-sp-realiza-leilao-na-b3-para-concessao-dos-servicos-de-agua-e-esgoto","status":"publish","type":"post","link":"https:\/\/noticiasregionais.com.br\/?p=2493","title":{"rendered":"Prefeitura de Ourinhos (SP) realizou leil\u00e3o na B3 para concess\u00e3o dos servi\u00e7os de \u00e1gua e esgoto"},"content":{"rendered":"\n<p class=\"has-text-align-center\"><strong>Cons\u00f3rcio GS Inima-Tra\u00e7ado foi o vencedor e ser\u00e1 respons\u00e1vel pela concess\u00e3o por 30 anos<\/strong><\/p>\n\n\n\n<p><strong>S\u00e3o Paulo, 3 de abril de&nbsp;2024 \u2013<\/strong>&nbsp;Foi realizado hoje, na B3, o leil\u00e3o promovido pela Prefeitura de Ourinhos (SP) para a concess\u00e3o dos servi\u00e7os de abastecimento de \u00e1gua e esgotamento sanit\u00e1rio do munic\u00edpio. O Cons\u00f3rcio GS Inima-Tra\u00e7ado, representado pela corretora Sita, foi o vencedor com uma proposta de valor de outorga de R$&nbsp;277,5 milh\u00f5es<\/p>\n\n\n\n<p>O objetivo do leil\u00e3o foi a escolha da melhor proposta mediante o crit\u00e9rio de maior valor de outorga fixa no valor de R$\u00a04 milh\u00f5es, que foi multiplicada pelo fator K, f\u00f3rmula prevista em edital. O prazo de contrato \u00e9 de 30 anos e a previs\u00e3o de investimentos \u00e9 de cerca de R$\u00a0200 milh\u00f5es.<\/p>\n\n\n\n<p>\u201cA bolsa do Brasil \u00e9 o ponto de encontro entre bons projetos e investidores interessados. Temos o orgulho de participar do desenvolvimento da infraestrutura do nosso pa\u00eds por meio de um ambiente de neg\u00f3cios s\u00f3lido e transparente, que viabiliza a realiza\u00e7\u00e3o de projetos como esse\u201d, disse&nbsp;Andr\u00e9 Veiga Milanez, diretor-executivo Financeiro, Administrativo e de Rela\u00e7\u00f5es com Investidores da B3.&nbsp;<\/p>\n\n\n\n<p>Clique\u00a0<a href=\"https:\/\/www.youtube.com\/watch?v=WJ2UmoTTT8w\" target=\"_blank\" rel=\"noopener\">aqui<\/a>\u00a0e assista ao v\u00eddeo do leil\u00e3o.<br><\/p>\n\n\n\n<p>fonte: <a href=\"https:\/\/www.b3.com.br\/\" target=\"_blank\" rel=\"noopener\">B3.com.br<\/a><\/p>\n<input type=\"hidden\" id=\"baseurl\" value=\"https:\/\/noticiasregionais.com.br\"><input type=\"hidden\" id=\"audio_nonce\" value=\"533fbb67b1\">","protected":false},"excerpt":{"rendered":"<p>Cons\u00f3rcio GS Inima-Tra\u00e7ado foi o vencedor e ser\u00e1 respons\u00e1vel pela concess\u00e3o por 30 anos S\u00e3o Paulo, 3 de abril de&nbsp;2024&hellip;<\/p>\n","protected":false},"author":1,"featured_media":836,"comment_status":"closed","ping_status":"open","sticky":false,"template":"","format":"standard","meta":{"sfsi_plus_gutenberg_text_before_share":"","sfsi_plus_gutenberg_show_text_before_share":"","sfsi_plus_gutenberg_icon_type":"","sfsi_plus_gutenberg_icon_alignemt":"","sfsi_plus_gutenburg_max_per_row":"","footnotes":""},"categories":[5,12,1],"tags":[],"class_list":["post-2493","post","type-post","status-publish","format-standard","has-post-thumbnail","hentry","category-ourinhos","category-capa","category-noticias"],"_links":{"self":[{"href":"https:\/\/noticiasregionais.com.br\/index.php?rest_route=\/wp\/v2\/posts\/2493","targetHints":{"allow":["GET"]}}],"collection":[{"href":"https:\/\/noticiasregionais.com.br\/index.php?rest_route=\/wp\/v2\/posts"}],"about":[{"href":"https:\/\/noticiasregionais.com.br\/index.php?rest_route=\/wp\/v2\/types\/post"}],"author":[{"embeddable":true,"href":"https:\/\/noticiasregionais.com.br\/index.php?rest_route=\/wp\/v2\/users\/1"}],"replies":[{"embeddable":true,"href":"https:\/\/noticiasregionais.com.br\/index.php?rest_route=%2Fwp%2Fv2%2Fcomments&post=2493"}],"version-history":[{"count":2,"href":"https:\/\/noticiasregionais.com.br\/index.php?rest_route=\/wp\/v2\/posts\/2493\/revisions"}],"predecessor-version":[{"id":2495,"href":"https:\/\/noticiasregionais.com.br\/index.php?rest_route=\/wp\/v2\/posts\/2493\/revisions\/2495"}],"wp:featuredmedia":[{"embeddable":true,"href":"https:\/\/noticiasregionais.com.br\/index.php?rest_route=\/wp\/v2\/media\/836"}],"wp:attachment":[{"href":"https:\/\/noticiasregionais.com.br\/index.php?rest_route=%2Fwp%2Fv2%2Fmedia&parent=2493"}],"wp:term":[{"taxonomy":"category","embeddable":true,"href":"https:\/\/noticiasregionais.com.br\/index.php?rest_route=%2Fwp%2Fv2%2Fcategories&post=2493"},{"taxonomy":"post_tag","embeddable":true,"href":"https:\/\/noticiasregionais.com.br\/index.php?rest_route=%2Fwp%2Fv2%2Ftags&post=2493"}],"curies":[{"name":"wp","href":"https:\/\/api.w.org\/{rel}","templated":true}]}}