{"id":2499,"date":"2024-04-04T13:27:01","date_gmt":"2024-04-04T16:27:01","guid":{"rendered":"https:\/\/noticiasregionais.com.br\/?p=2499"},"modified":"2024-04-04T13:27:05","modified_gmt":"2024-04-04T16:27:05","slug":"policia-militar-apreende-drogas-e-prende-dois-traficantes-em-santa-cruz-do-rio-pardo","status":"publish","type":"post","link":"https:\/\/noticiasregionais.com.br\/?p=2499","title":{"rendered":"Pol\u00edcia Militar apreende drogas e prende dois traficantes em Santa Cruz do Rio Pardo"},"content":{"rendered":"\n<p>Na tarde de ontem (03), por volta das 12h29, a Pol\u00edcia Militar de Santa Cruz do Rio Pardo, durante patrulhamento ostensivo pela Rua Conselheiro Dantas, no centro da cidade, abordou dois homens em atitude suspeita.<\/p>\n\n\n\n<p>Ap\u00f3s revista pessoal e domiciliar, foram encontrados com os indiv\u00edduos:<\/p>\n\n\n\n<ul class=\"wp-block-list\">\n<li>Por\u00e7\u00f5es de maconha e coca\u00edna;<\/li>\n\n\n\n<li>Dinheiro em esp\u00e9cie;<\/li>\n\n\n\n<li>Celulares;<\/li>\n\n\n\n<li>Balan\u00e7a de precis\u00e3o;<\/li>\n\n\n\n<li>Uma motocicleta.<\/li>\n<\/ul>\n\n\n\n<p>Diante dos fatos, os dois homens foram presos em flagrante delito por tr\u00e1fico de drogas e encaminhados \u00e0 Central de Pol\u00edcia Judici\u00e1ria. Eles permanecer\u00e3o \u00e0 disposi\u00e7\u00e3o da justi\u00e7a.<\/p>\n\n\n\n<p><strong>A a\u00e7\u00e3o da Pol\u00edcia Militar demonstra o compromisso da institui\u00e7\u00e3o com a seguran\u00e7a da popula\u00e7\u00e3o de Santa Cruz do Rio Pardo.<\/strong><\/p>\n\n\n\n<p><strong>Informa\u00e7\u00f5es adicionais:<\/strong><\/p>\n\n\n\n<ul class=\"wp-block-list\">\n<li><strong>Data:<\/strong>\u00a003 de abril de 2024<\/li>\n\n\n\n<li><strong>Hor\u00e1rio:<\/strong>\u00a012h29<\/li>\n\n\n\n<li><strong>Local:<\/strong>\u00a0Rua Conselheiro Dantas &#8211; Centro \u2013 Santa Cruz do Rio Pardo\/SP<\/li>\n\n\n\n<li><strong>Apreens\u00f5es:<\/strong>\u00a0Maconha, coca\u00edna, dinheiro, celulares, balan\u00e7a de precis\u00e3o, motocicleta.<\/li>\n\n\n\n<li><strong>Unidades envolvidas:<\/strong>\u00a031\u00ba BPM\/I<\/li>\n<\/ul>\n<input type=\"hidden\" id=\"baseurl\" value=\"https:\/\/noticiasregionais.com.br\"><input type=\"hidden\" id=\"audio_nonce\" value=\"3cdc555a10\">","protected":false},"excerpt":{"rendered":"<p>Na tarde de ontem (03), por volta das 12h29, a Pol\u00edcia Militar de Santa Cruz do Rio Pardo, durante patrulhamento&hellip;<\/p>\n","protected":false},"author":1,"featured_media":2500,"comment_status":"closed","ping_status":"open","sticky":false,"template":"","format":"standard","meta":{"sfsi_plus_gutenberg_text_before_share":"","sfsi_plus_gutenberg_show_text_before_share":"","sfsi_plus_gutenberg_icon_type":"","sfsi_plus_gutenberg_icon_alignemt":"","sfsi_plus_gutenburg_max_per_row":"","footnotes":""},"categories":[6,10,1],"tags":[],"class_list":["post-2499","post","type-post","status-publish","format-standard","has-post-thumbnail","hentry","category-sao_paulo","category-destaques","category-noticias"],"_links":{"self":[{"href":"https:\/\/noticiasregionais.com.br\/index.php?rest_route=\/wp\/v2\/posts\/2499","targetHints":{"allow":["GET"]}}],"collection":[{"href":"https:\/\/noticiasregionais.com.br\/index.php?rest_route=\/wp\/v2\/posts"}],"about":[{"href":"https:\/\/noticiasregionais.com.br\/index.php?rest_route=\/wp\/v2\/types\/post"}],"author":[{"embeddable":true,"href":"https:\/\/noticiasregionais.com.br\/index.php?rest_route=\/wp\/v2\/users\/1"}],"replies":[{"embeddable":true,"href":"https:\/\/noticiasregionais.com.br\/index.php?rest_route=%2Fwp%2Fv2%2Fcomments&post=2499"}],"version-history":[{"count":1,"href":"https:\/\/noticiasregionais.com.br\/index.php?rest_route=\/wp\/v2\/posts\/2499\/revisions"}],"predecessor-version":[{"id":2501,"href":"https:\/\/noticiasregionais.com.br\/index.php?rest_route=\/wp\/v2\/posts\/2499\/revisions\/2501"}],"wp:featuredmedia":[{"embeddable":true,"href":"https:\/\/noticiasregionais.com.br\/index.php?rest_route=\/wp\/v2\/media\/2500"}],"wp:attachment":[{"href":"https:\/\/noticiasregionais.com.br\/index.php?rest_route=%2Fwp%2Fv2%2Fmedia&parent=2499"}],"wp:term":[{"taxonomy":"category","embeddable":true,"href":"https:\/\/noticiasregionais.com.br\/index.php?rest_route=%2Fwp%2Fv2%2Fcategories&post=2499"},{"taxonomy":"post_tag","embeddable":true,"href":"https:\/\/noticiasregionais.com.br\/index.php?rest_route=%2Fwp%2Fv2%2Ftags&post=2499"}],"curies":[{"name":"wp","href":"https:\/\/api.w.org\/{rel}","templated":true}]}}