{"id":250,"date":"2023-09-06T10:24:19","date_gmt":"2023-09-06T13:24:19","guid":{"rendered":"https:\/\/noticiasregionais.com.br\/?p=250"},"modified":"2023-09-06T10:24:20","modified_gmt":"2023-09-06T13:24:20","slug":"forca-tatica-prende-casal-com-mais-de-80-kg-de-maconha-em-ourinhos","status":"publish","type":"post","link":"https:\/\/noticiasregionais.com.br\/?p=250","title":{"rendered":"For\u00e7a T\u00e1tica prende casal com mais de 80 kg de maconha em Ourinhos"},"content":{"rendered":"\n<p>Uma equipe de For\u00e7a T\u00e1tica do 31\u00ba Batalh\u00e3o de Pol\u00edcia Militar do Interior (BPMI) prendeu um casal que trazia mais de 80 kg de maconha do estado do Paran\u00e1 para Ourinhos, na noite desta quarta-feira (5).<\/p>\n\n\n\n<p>A pris\u00e3o aconteceu durante um patrulhamento t\u00e1tico na regi\u00e3o do Parque Pacheco Chaves, quando os policiais avistaram um ve\u00edculo Fiat MOBI preto trafegando em alta velocidade pela rodovia Mello Peixoto.<\/p>\n\n\n\n<p>Ap\u00f3s acompanhamento, o auto foi alcan\u00e7ado e o motorista e sua am\u00e1sia, ambos de 23 anos, logo confessaram que traziam grande quantidade de maconha no interior do ve\u00edculo.<\/p>\n\n\n\n<p>No total, foram apreendidos 82,7 kg de maconha, divididos em 79 tabletes. A droga estava escondida embaixo do banco traseiro do MOBI.<\/p>\n\n\n\n<p>O casal foi preso em flagrante e apresentado na Central de Pol\u00edcia Judici\u00e1ria de Ourinhos. Eles responder\u00e3o pelo crime de tr\u00e1fico de drogas.<\/p>\n\n\n\n<p>A Pol\u00edcia Militar informou que a apreens\u00e3o desta quantidade de maconha representa um grande preju\u00edzo para o crime organizado.<\/p>\n\n\n\n<p><strong>A\u00e7\u00e3o da PM impede que drogas cheguem \u00e0s ruas de Ourinhos<\/strong><\/p>\n\n\n\n<p>A pris\u00e3o do casal que trazia mais de 80 kg de maconha do Paran\u00e1 para Ourinhos \u00e9 um importante resultado da atua\u00e7\u00e3o da Pol\u00edcia Militar na regi\u00e3o.<\/p>\n\n\n\n<p>A apreens\u00e3o desta quantidade de drogas representa um grande preju\u00edzo para o crime organizado e impede que ela chegue \u00e0s ruas da cidade, onde poderia ser comercializada e causar danos \u00e0 popula\u00e7\u00e3o.<\/p>\n\n\n\n<p>A Pol\u00edcia Militar agradece a colabora\u00e7\u00e3o da popula\u00e7\u00e3o para que este tipo de crime seja combatido. Qualquer informa\u00e7\u00e3o que possa ajudar na localiza\u00e7\u00e3o de traficantes ou na apreens\u00e3o de drogas pode ser repassada pelo telefone 190.<\/p>\n\n\n\n<p>fonte: Equipe de For\u00e7a T\u00e1tica do 31\u00baBPM-I<\/p>\n<input type=\"hidden\" id=\"baseurl\" value=\"https:\/\/noticiasregionais.com.br\"><input type=\"hidden\" id=\"audio_nonce\" value=\"533fbb67b1\">","protected":false},"excerpt":{"rendered":"<p>Uma equipe de For\u00e7a T\u00e1tica do 31\u00ba Batalh\u00e3o de Pol\u00edcia Militar do Interior (BPMI) prendeu um casal que trazia mais&hellip;<\/p>\n","protected":false},"author":1,"featured_media":251,"comment_status":"closed","ping_status":"open","sticky":false,"template":"","format":"standard","meta":{"sfsi_plus_gutenberg_text_before_share":"","sfsi_plus_gutenberg_show_text_before_share":"","sfsi_plus_gutenberg_icon_type":"","sfsi_plus_gutenberg_icon_alignemt":"","sfsi_plus_gutenburg_max_per_row":"","footnotes":""},"categories":[5,12,1],"tags":[],"class_list":["post-250","post","type-post","status-publish","format-standard","has-post-thumbnail","hentry","category-ourinhos","category-capa","category-noticias"],"_links":{"self":[{"href":"https:\/\/noticiasregionais.com.br\/index.php?rest_route=\/wp\/v2\/posts\/250","targetHints":{"allow":["GET"]}}],"collection":[{"href":"https:\/\/noticiasregionais.com.br\/index.php?rest_route=\/wp\/v2\/posts"}],"about":[{"href":"https:\/\/noticiasregionais.com.br\/index.php?rest_route=\/wp\/v2\/types\/post"}],"author":[{"embeddable":true,"href":"https:\/\/noticiasregionais.com.br\/index.php?rest_route=\/wp\/v2\/users\/1"}],"replies":[{"embeddable":true,"href":"https:\/\/noticiasregionais.com.br\/index.php?rest_route=%2Fwp%2Fv2%2Fcomments&post=250"}],"version-history":[{"count":1,"href":"https:\/\/noticiasregionais.com.br\/index.php?rest_route=\/wp\/v2\/posts\/250\/revisions"}],"predecessor-version":[{"id":252,"href":"https:\/\/noticiasregionais.com.br\/index.php?rest_route=\/wp\/v2\/posts\/250\/revisions\/252"}],"wp:featuredmedia":[{"embeddable":true,"href":"https:\/\/noticiasregionais.com.br\/index.php?rest_route=\/wp\/v2\/media\/251"}],"wp:attachment":[{"href":"https:\/\/noticiasregionais.com.br\/index.php?rest_route=%2Fwp%2Fv2%2Fmedia&parent=250"}],"wp:term":[{"taxonomy":"category","embeddable":true,"href":"https:\/\/noticiasregionais.com.br\/index.php?rest_route=%2Fwp%2Fv2%2Fcategories&post=250"},{"taxonomy":"post_tag","embeddable":true,"href":"https:\/\/noticiasregionais.com.br\/index.php?rest_route=%2Fwp%2Fv2%2Ftags&post=250"}],"curies":[{"name":"wp","href":"https:\/\/api.w.org\/{rel}","templated":true}]}}