{"id":2512,"date":"2024-04-05T08:09:31","date_gmt":"2024-04-05T11:09:31","guid":{"rendered":"https:\/\/noticiasregionais.com.br\/?p=2512"},"modified":"2024-04-05T08:09:42","modified_gmt":"2024-04-05T11:09:42","slug":"lider-de-faccao-criminosa-que-foi-resgatado-de-penitenciaria-no-paraguai-e-preso-em-sp","status":"publish","type":"post","link":"https:\/\/noticiasregionais.com.br\/?p=2512","title":{"rendered":"L\u00edder de fac\u00e7\u00e3o criminosa que foi resgatado de penitenci\u00e1ria no Paraguai \u00e9 preso em SP"},"content":{"rendered":"\n<p class=\"has-text-align-center\"><strong>Suspeito foragido foi encontrado em Diadema; ele seria um dos respons\u00e1veis por recrutar novos membros para o grupo<\/strong><\/p>\n\n\n\n<p>A Rondas Ostensivas Tobias de Aguiar (Rota) prendeu um dos integrantes de uma fac\u00e7\u00e3o criminosa na noite de ter\u00e7a-feira (2), em Diadema, na Grande S\u00e3o Paulo. O suspeito, de 40 anos, tem passagens pela pol\u00edcia por crimes de organiza\u00e7\u00e3o criminosa e fraude processual e havia sido resgatado de uma penitenci\u00e1ria do Paraguai em 2011 por um grupo fortemente armado.<\/p>\n\n\n\n<p>A equipe da Rota recebeu informa\u00e7\u00f5es do sistema de intelig\u00eancia da PM e abordou o suspeito com as mesmas caracter\u00edsticas fornecidas na Avenida Presidente Kennedy, no centro de Diadema. O homem n\u00e3o portava nada il\u00edcito, mas foi constatado que ele era procurado pela Justi\u00e7a e tinha um mandado de pris\u00e3o preventiva em aberto, expedido pelo Tribunal de Justi\u00e7a de Bras\u00edlia.<\/p>\n\n\n\n<p>O infrator \u00e9 apontado como l\u00edder de uma fac\u00e7\u00e3o criminosa que tem atua\u00e7\u00e3o em S\u00e3o Paulo e tamb\u00e9m um dos respons\u00e1veis por recrutar e indicar novos integrantes para o bando em Bras\u00edlia. Com ele foi apreendido um celular.<\/p>\n\n\n\n<p>O homem foi preso e conduzido \u00e0 sede da Pol\u00edcia Federal, onde o caso foi registrado como captura de procurado.<\/p>\n<input type=\"hidden\" id=\"baseurl\" value=\"https:\/\/noticiasregionais.com.br\"><input type=\"hidden\" id=\"audio_nonce\" value=\"533fbb67b1\">","protected":false},"excerpt":{"rendered":"<p>Suspeito foragido foi encontrado em Diadema; ele seria um dos respons\u00e1veis por recrutar novos membros para o grupo A Rondas&hellip;<\/p>\n","protected":false},"author":1,"featured_media":2513,"comment_status":"closed","ping_status":"open","sticky":false,"template":"","format":"standard","meta":{"sfsi_plus_gutenberg_text_before_share":"","sfsi_plus_gutenberg_show_text_before_share":"","sfsi_plus_gutenberg_icon_type":"","sfsi_plus_gutenberg_icon_alignemt":"","sfsi_plus_gutenburg_max_per_row":"","footnotes":""},"categories":[6,12,1],"tags":[],"class_list":["post-2512","post","type-post","status-publish","format-standard","has-post-thumbnail","hentry","category-sao_paulo","category-capa","category-noticias"],"_links":{"self":[{"href":"https:\/\/noticiasregionais.com.br\/index.php?rest_route=\/wp\/v2\/posts\/2512","targetHints":{"allow":["GET"]}}],"collection":[{"href":"https:\/\/noticiasregionais.com.br\/index.php?rest_route=\/wp\/v2\/posts"}],"about":[{"href":"https:\/\/noticiasregionais.com.br\/index.php?rest_route=\/wp\/v2\/types\/post"}],"author":[{"embeddable":true,"href":"https:\/\/noticiasregionais.com.br\/index.php?rest_route=\/wp\/v2\/users\/1"}],"replies":[{"embeddable":true,"href":"https:\/\/noticiasregionais.com.br\/index.php?rest_route=%2Fwp%2Fv2%2Fcomments&post=2512"}],"version-history":[{"count":1,"href":"https:\/\/noticiasregionais.com.br\/index.php?rest_route=\/wp\/v2\/posts\/2512\/revisions"}],"predecessor-version":[{"id":2514,"href":"https:\/\/noticiasregionais.com.br\/index.php?rest_route=\/wp\/v2\/posts\/2512\/revisions\/2514"}],"wp:featuredmedia":[{"embeddable":true,"href":"https:\/\/noticiasregionais.com.br\/index.php?rest_route=\/wp\/v2\/media\/2513"}],"wp:attachment":[{"href":"https:\/\/noticiasregionais.com.br\/index.php?rest_route=%2Fwp%2Fv2%2Fmedia&parent=2512"}],"wp:term":[{"taxonomy":"category","embeddable":true,"href":"https:\/\/noticiasregionais.com.br\/index.php?rest_route=%2Fwp%2Fv2%2Fcategories&post=2512"},{"taxonomy":"post_tag","embeddable":true,"href":"https:\/\/noticiasregionais.com.br\/index.php?rest_route=%2Fwp%2Fv2%2Ftags&post=2512"}],"curies":[{"name":"wp","href":"https:\/\/api.w.org\/{rel}","templated":true}]}}