{"id":2519,"date":"2024-04-05T09:19:57","date_gmt":"2024-04-05T12:19:57","guid":{"rendered":"https:\/\/noticiasregionais.com.br\/?p=2519"},"modified":"2024-04-05T09:20:08","modified_gmt":"2024-04-05T12:20:08","slug":"prf-apreende-328-kg-de-maconha-em-ourinhos","status":"publish","type":"post","link":"https:\/\/noticiasregionais.com.br\/?p=2519","title":{"rendered":"PRF apreende 328 Kg de maconha em Ourinhos"},"content":{"rendered":"\n<p class=\"has-text-align-center\"><strong>Droga foi apreendida ap\u00f3s acompanhamento t\u00e1tico por duas rodovias<\/strong><\/p>\n\n\n\n<p>Uma carga de maconha que vinha de Assis Chateaubriand, no Paran\u00e1, foi apreendida pela Pol\u00edcia Rodovi\u00e1ria Federal na madrugada desta sexta-feira (5), \u00e0s 3h50, em Ourinhos\/SP, pr\u00f3ximo da divisa entres os estados de S\u00e3o Paulo e Paran\u00e1. O motorista de um Chevrolet Classic desobedeceu a ordem de parada e come\u00e7ou uma fuga que come\u00e7ou na BR-153, rodovia Transbrasiliana, e terminou na SP-327, rodovia Orlando Quagliato, quando o ele perdeu o controle e bateu contra uma sinaliza\u00e7\u00e3o no canteiro central. Ele correu a p\u00e9 para o mato antes que os policiais conseguissem parar no local e, apesar da tentativa de encontr\u00e1-lo, conseguiu fugir. No entanto, documentos pessoais que possivelmente indicam sua identidade foram encontrados no interior do carro. <br>Poucos minutos antes da tentativa de abordagem, outro carro, um Volkswagen Gol, havia sido parado pelos PRFs no Km 345 da BR-153. Seu motorista, um homem de 30 anos, ainda estava sendo fiscalizado e os policias desconfiaram que o homem estava fazendo o servi\u00e7o de batedor para algum transporte il\u00edcito, fato comum quando a carga tem alto valor agregado, quando o ve\u00edculo com a droga passou e fugiu dos policiais. <br>Os PRFs encontraram 22 pacotes de maconha no interior do Chevrolet Classic. Eles estavam espalhados pelo porta malas, banco dianteiro e banco traseiro. A pesagem preliminar apontou o peso total extraoficial de 328,77 quilos. Segundo o homem preso, a droga seria levada para Guarulhos\/SP.<br>O homem preso, a droga e os dois carros apreendidos foram levados para a DISE &#8211; Delegacia de Pol\u00edcia de Investiga\u00e7\u00f5es sobre Entorpecentes, onde foi registrado o crime de tr\u00e1fico de drogas, o qual tem pena de at\u00e9 15 anos de reclus\u00e3o.<\/p>\n\n\n\n<figure class=\"wp-block-gallery has-nested-images columns-default is-cropped wp-block-gallery-1 is-layout-flex wp-block-gallery-is-layout-flex\">\n<figure class=\"wp-block-image size-large\"><img decoding=\"async\" width=\"769\" height=\"1024\" data-id=\"2520\" src=\"https:\/\/noticiasregionais.com.br\/wp-content\/uploads\/2024\/04\/Imagem-do-WhatsApp-de-2024-04-05-as-09.05.52_0158877f-769x1024.jpg\" alt=\"\" class=\"wp-image-2520\" srcset=\"https:\/\/noticiasregionais.com.br\/wp-content\/uploads\/2024\/04\/Imagem-do-WhatsApp-de-2024-04-05-as-09.05.52_0158877f-769x1024.jpg 769w, https:\/\/noticiasregionais.com.br\/wp-content\/uploads\/2024\/04\/Imagem-do-WhatsApp-de-2024-04-05-as-09.05.52_0158877f-225x300.jpg 225w, https:\/\/noticiasregionais.com.br\/wp-content\/uploads\/2024\/04\/Imagem-do-WhatsApp-de-2024-04-05-as-09.05.52_0158877f-768x1023.jpg 768w, https:\/\/noticiasregionais.com.br\/wp-content\/uploads\/2024\/04\/Imagem-do-WhatsApp-de-2024-04-05-as-09.05.52_0158877f-1153x1536.jpg 1153w, https:\/\/noticiasregionais.com.br\/wp-content\/uploads\/2024\/04\/Imagem-do-WhatsApp-de-2024-04-05-as-09.05.52_0158877f-1537x2048.jpg 1537w, https:\/\/noticiasregionais.com.br\/wp-content\/uploads\/2024\/04\/Imagem-do-WhatsApp-de-2024-04-05-as-09.05.52_0158877f-scaled.jpg 1922w\" sizes=\"(max-width: 769px) 100vw, 769px\" \/><\/figure>\n\n\n\n<figure class=\"wp-block-image size-large\"><img decoding=\"async\" width=\"915\" height=\"895\" data-id=\"2521\" src=\"https:\/\/noticiasregionais.com.br\/wp-content\/uploads\/2024\/04\/Maconha.jpg\" alt=\"\" class=\"wp-image-2521\" srcset=\"https:\/\/noticiasregionais.com.br\/wp-content\/uploads\/2024\/04\/Maconha.jpg 915w, https:\/\/noticiasregionais.com.br\/wp-content\/uploads\/2024\/04\/Maconha-300x293.jpg 300w, https:\/\/noticiasregionais.com.br\/wp-content\/uploads\/2024\/04\/Maconha-768x751.jpg 768w\" sizes=\"(max-width: 915px) 100vw, 915px\" \/><\/figure>\n<\/figure>\n<input type=\"hidden\" id=\"baseurl\" value=\"https:\/\/noticiasregionais.com.br\"><input type=\"hidden\" id=\"audio_nonce\" value=\"533fbb67b1\">","protected":false},"excerpt":{"rendered":"<p>Droga foi apreendida ap\u00f3s acompanhamento t\u00e1tico por duas rodovias Uma carga de maconha que vinha de Assis Chateaubriand, no Paran\u00e1,&hellip;<\/p>\n","protected":false},"author":1,"featured_media":2522,"comment_status":"closed","ping_status":"open","sticky":false,"template":"","format":"standard","meta":{"sfsi_plus_gutenberg_text_before_share":"","sfsi_plus_gutenberg_show_text_before_share":"","sfsi_plus_gutenberg_icon_type":"","sfsi_plus_gutenberg_icon_alignemt":"","sfsi_plus_gutenburg_max_per_row":"","footnotes":""},"categories":[5,12,1],"tags":[],"class_list":["post-2519","post","type-post","status-publish","format-standard","has-post-thumbnail","hentry","category-ourinhos","category-capa","category-noticias"],"_links":{"self":[{"href":"https:\/\/noticiasregionais.com.br\/index.php?rest_route=\/wp\/v2\/posts\/2519","targetHints":{"allow":["GET"]}}],"collection":[{"href":"https:\/\/noticiasregionais.com.br\/index.php?rest_route=\/wp\/v2\/posts"}],"about":[{"href":"https:\/\/noticiasregionais.com.br\/index.php?rest_route=\/wp\/v2\/types\/post"}],"author":[{"embeddable":true,"href":"https:\/\/noticiasregionais.com.br\/index.php?rest_route=\/wp\/v2\/users\/1"}],"replies":[{"embeddable":true,"href":"https:\/\/noticiasregionais.com.br\/index.php?rest_route=%2Fwp%2Fv2%2Fcomments&post=2519"}],"version-history":[{"count":1,"href":"https:\/\/noticiasregionais.com.br\/index.php?rest_route=\/wp\/v2\/posts\/2519\/revisions"}],"predecessor-version":[{"id":2523,"href":"https:\/\/noticiasregionais.com.br\/index.php?rest_route=\/wp\/v2\/posts\/2519\/revisions\/2523"}],"wp:featuredmedia":[{"embeddable":true,"href":"https:\/\/noticiasregionais.com.br\/index.php?rest_route=\/wp\/v2\/media\/2522"}],"wp:attachment":[{"href":"https:\/\/noticiasregionais.com.br\/index.php?rest_route=%2Fwp%2Fv2%2Fmedia&parent=2519"}],"wp:term":[{"taxonomy":"category","embeddable":true,"href":"https:\/\/noticiasregionais.com.br\/index.php?rest_route=%2Fwp%2Fv2%2Fcategories&post=2519"},{"taxonomy":"post_tag","embeddable":true,"href":"https:\/\/noticiasregionais.com.br\/index.php?rest_route=%2Fwp%2Fv2%2Ftags&post=2519"}],"curies":[{"name":"wp","href":"https:\/\/api.w.org\/{rel}","templated":true}]}}