{"id":2524,"date":"2024-04-05T22:42:15","date_gmt":"2024-04-06T01:42:15","guid":{"rendered":"https:\/\/noticiasregionais.com.br\/?p=2524"},"modified":"2024-04-05T22:42:18","modified_gmt":"2024-04-06T01:42:18","slug":"policia-rodoviaria-apreende-242-kg-de-maconha-em-santa-cruz-do-rio-pardo","status":"publish","type":"post","link":"https:\/\/noticiasregionais.com.br\/?p=2524","title":{"rendered":"Pol\u00edcia Rodovi\u00e1ria apreende 242 kg de maconha em Santa Cruz do Rio Pardo"},"content":{"rendered":"\n<p>Na manh\u00e3 desta sexta-feira (5), durante a Opera\u00e7\u00e3o Impacto, a Pol\u00edcia Rodovi\u00e1ria apreendeu 242,615 kg de maconha em Santa Cruz do Rio Pardo, interior de S\u00e3o Paulo. A droga estava escondida em um ve\u00edculo VW\/Gol com placas de Curitiba\/PR.<\/p>\n\n\n\n<p>A equipe TOR \u201cC\u201d da 3\u00aa Cia do 2\u00b0 BPRv deu ordem de parada ao ve\u00edculo na SP 225, Rodovia Engenheiro Jo\u00e3o Baptista Cabral Renn\u00f3, na altura do Km 301 (Pra\u00e7a de Ped\u00e1gio), mas o condutor n\u00e3o obedeceu. Ap\u00f3s breve acompanhamento, o indiv\u00edduo abandonou o ve\u00edculo no acostamento e fugiu para uma mata fechada \u00e0s margens da rodovia.<\/p>\n\n\n\n<p>Ao vistoriar o ve\u00edculo, os policiais encontraram v\u00e1rios tabletes de maconha, dispostos em fardos envoltos em fita adesiva, no banco traseiro e porta-malas.<\/p>\n\n\n\n<p>Diante da situa\u00e7\u00e3o, foi solicitado apoio ao policiamento de \u00e1rea da 2\u00aa Cia do 31\u00ba BPM\/I, bem como ao Comando de Avia\u00e7\u00e3o da Pol\u00edcia Militar, atrav\u00e9s da Base de Bauru, que enviou uma aeronave para buscas na regi\u00e3o.<\/p>\n\n\n\n<p>Apesar das dilig\u00eancias realizadas com apoio do helic\u00f3ptero \u00c1guia, o indiv\u00edduo n\u00e3o foi localizado.<\/p>\n\n\n\n<p>A ocorr\u00eancia foi registrada na CPJ de Santa Cruz do Rio Pardo. O ve\u00edculo foi apreendido e a droga ser\u00e1 incinerada.<\/p>\n\n\n\n<p><strong>Investiga\u00e7\u00f5es<\/strong><\/p>\n\n\n\n<p>A Pol\u00edcia Civil investiga o caso e tenta identificar o propriet\u00e1rio do ve\u00edculo e o respons\u00e1vel pelo tr\u00e1fico da droga.<\/p>\n\n\n\n<p><strong>Opera\u00e7\u00e3o Impacto<\/strong><\/p>\n\n\n\n<p>A Opera\u00e7\u00e3o Impacto \u00e9 uma a\u00e7\u00e3o conjunta das pol\u00edcias Militar e Rodovi\u00e1ria que visa intensificar o policiamento ostensivo nas rodovias paulistas, com foco no combate ao tr\u00e1fico de drogas, roubos de ve\u00edculos e outros crimes.<\/p>\n<input type=\"hidden\" id=\"baseurl\" value=\"https:\/\/noticiasregionais.com.br\"><input type=\"hidden\" id=\"audio_nonce\" value=\"533fbb67b1\">","protected":false},"excerpt":{"rendered":"<p>Na manh\u00e3 desta sexta-feira (5), durante a Opera\u00e7\u00e3o Impacto, a Pol\u00edcia Rodovi\u00e1ria apreendeu 242,615 kg de maconha em Santa Cruz&hellip;<\/p>\n","protected":false},"author":1,"featured_media":2525,"comment_status":"closed","ping_status":"open","sticky":false,"template":"","format":"standard","meta":{"sfsi_plus_gutenberg_text_before_share":"","sfsi_plus_gutenberg_show_text_before_share":"","sfsi_plus_gutenberg_icon_type":"","sfsi_plus_gutenberg_icon_alignemt":"","sfsi_plus_gutenburg_max_per_row":"","footnotes":""},"categories":[6,12,1],"tags":[],"class_list":["post-2524","post","type-post","status-publish","format-standard","has-post-thumbnail","hentry","category-sao_paulo","category-capa","category-noticias"],"_links":{"self":[{"href":"https:\/\/noticiasregionais.com.br\/index.php?rest_route=\/wp\/v2\/posts\/2524","targetHints":{"allow":["GET"]}}],"collection":[{"href":"https:\/\/noticiasregionais.com.br\/index.php?rest_route=\/wp\/v2\/posts"}],"about":[{"href":"https:\/\/noticiasregionais.com.br\/index.php?rest_route=\/wp\/v2\/types\/post"}],"author":[{"embeddable":true,"href":"https:\/\/noticiasregionais.com.br\/index.php?rest_route=\/wp\/v2\/users\/1"}],"replies":[{"embeddable":true,"href":"https:\/\/noticiasregionais.com.br\/index.php?rest_route=%2Fwp%2Fv2%2Fcomments&post=2524"}],"version-history":[{"count":1,"href":"https:\/\/noticiasregionais.com.br\/index.php?rest_route=\/wp\/v2\/posts\/2524\/revisions"}],"predecessor-version":[{"id":2526,"href":"https:\/\/noticiasregionais.com.br\/index.php?rest_route=\/wp\/v2\/posts\/2524\/revisions\/2526"}],"wp:featuredmedia":[{"embeddable":true,"href":"https:\/\/noticiasregionais.com.br\/index.php?rest_route=\/wp\/v2\/media\/2525"}],"wp:attachment":[{"href":"https:\/\/noticiasregionais.com.br\/index.php?rest_route=%2Fwp%2Fv2%2Fmedia&parent=2524"}],"wp:term":[{"taxonomy":"category","embeddable":true,"href":"https:\/\/noticiasregionais.com.br\/index.php?rest_route=%2Fwp%2Fv2%2Fcategories&post=2524"},{"taxonomy":"post_tag","embeddable":true,"href":"https:\/\/noticiasregionais.com.br\/index.php?rest_route=%2Fwp%2Fv2%2Ftags&post=2524"}],"curies":[{"name":"wp","href":"https:\/\/api.w.org\/{rel}","templated":true}]}}