{"id":2527,"date":"2024-04-05T23:02:57","date_gmt":"2024-04-06T02:02:57","guid":{"rendered":"https:\/\/noticiasregionais.com.br\/?p=2527"},"modified":"2024-04-05T23:03:08","modified_gmt":"2024-04-06T02:03:08","slug":"diastrom-faz-apresentacao-da-1a-usina-de-energia-solar-da-regiao","status":"publish","type":"post","link":"https:\/\/noticiasregionais.com.br\/?p=2527","title":{"rendered":"DiaStrom faz apresenta\u00e7\u00e3o da 1\u00aa Usina de Energia Solar da regi\u00e3o"},"content":{"rendered":"\n<p class=\"has-text-align-center\"><strong>Associados da Asocia\u00e7\u00e3o Comercial e Empres\u00e1rial de Ourinhos ter\u00e3o condi\u00e7\u00f5es exclusivas de ades\u00e3o<\/strong><\/p>\n\n\n\n<p>At\u00e9 20% de economia na conta de energia. Uma alternativa para as empresas que querem escapar do alto custo da energia foi apresentada na noite de ontem (04) para um grupo de empreendedores associados da ACE Ourinhos.<\/p>\n\n\n\n<p>O evento promovido pela ACE em parceria com a DiaStrom apresentou a 1\u00aa Usina de Energia Solar da regi\u00e3o, que est\u00e1 sendo implantada em Chavantes e que vai impactar todos os consumidores da CPFL.<\/p>\n\n\n\n<p>Segundo o CEO da DiaStrom, Rivaldo Caram, os consumidores n\u00e3o precisar\u00e3o fazer nenhum investimento para se beneficiarem da energia produzida pela Usina. \u201cIsso \u00e9 poss\u00edvel gra\u00e7as a Lei 14.300\/22, que instituiu o Marco Legal da micro e minigera\u00e7\u00e3o distribu\u00edda no Brasil, permitindo que os cr\u00e9ditos de um gerador sejam compartilhados entre pessoas f\u00edsicas e jur\u00eddicas, por meio de associa\u00e7\u00f5es, cons\u00f3rcios ou cooperativas que estejam dentro da mesma \u00e1rea de concess\u00e3o. Hoje, j\u00e1 s\u00e3o mais de 300 mil unidades consumidoras no Brasil que se beneficiam de tarifas menores atrav\u00e9s deste modelo de neg\u00f3cio\u201d.<\/p>\n\n\n\n<p>A previs\u00e3o \u00e9 que a Usina esteja em funcionamento at\u00e9 o in\u00edcio de setembro. \u201c\u00c9 um projeto de grande relev\u00e2ncia e a ACE trouxe para os associados em primeira m\u00e3o, pois sempre apoiamos iniciativas que refletem no desenvolvimento econ\u00f4mico de Ourinhos e trazem benef\u00edcios para nossos associados\u201d, ressaltou o presidente da ACE, Robson Martuchi.<\/p>\n\n\n\n<p>Para se beneficiar dos cr\u00e9ditos de energia solar, os empreendedores precisam fazer uma ades\u00e3o junto \u00e0 DiaStrom e quem se associar n\u00e3o precisar\u00e1 instalar painel em telhado, nem pagar nenhuma taxa. \u201cSomente para os associados da ACE, a DiaStrom conceder\u00e1 desconto de 2%, durante o primeiro ano de ades\u00e3o, adicionalmente ao percentual calculado, ap\u00f3s a an\u00e0lise da fatura de energia\u201d, revelou Rivaldo.<\/p>\n\n\n\n<p>\u201cEssa \u00e9 um benef\u00edcio exclusivo para os associados, que poder\u00e3o ter mais de 20% de economia na conta de luz. Os interessados podem entrar em contato com a ACE, que nosso jur\u00eddico tamb\u00e9m estar\u00e1 dispon\u00edvel para esclarecimentos\u201d, finalizou Robson&nbsp;Martuchi.<\/p>\n<input type=\"hidden\" id=\"baseurl\" value=\"https:\/\/noticiasregionais.com.br\"><input type=\"hidden\" id=\"audio_nonce\" value=\"533fbb67b1\">","protected":false},"excerpt":{"rendered":"<p>Associados da Asocia\u00e7\u00e3o Comercial e Empres\u00e1rial de Ourinhos ter\u00e3o condi\u00e7\u00f5es exclusivas de ades\u00e3o At\u00e9 20% de economia na conta de&hellip;<\/p>\n","protected":false},"author":1,"featured_media":2528,"comment_status":"closed","ping_status":"open","sticky":false,"template":"","format":"standard","meta":{"sfsi_plus_gutenberg_text_before_share":"","sfsi_plus_gutenberg_show_text_before_share":"","sfsi_plus_gutenberg_icon_type":"","sfsi_plus_gutenberg_icon_alignemt":"","sfsi_plus_gutenburg_max_per_row":"","footnotes":""},"categories":[5,10,1],"tags":[],"class_list":["post-2527","post","type-post","status-publish","format-standard","has-post-thumbnail","hentry","category-ourinhos","category-destaques","category-noticias"],"_links":{"self":[{"href":"https:\/\/noticiasregionais.com.br\/index.php?rest_route=\/wp\/v2\/posts\/2527","targetHints":{"allow":["GET"]}}],"collection":[{"href":"https:\/\/noticiasregionais.com.br\/index.php?rest_route=\/wp\/v2\/posts"}],"about":[{"href":"https:\/\/noticiasregionais.com.br\/index.php?rest_route=\/wp\/v2\/types\/post"}],"author":[{"embeddable":true,"href":"https:\/\/noticiasregionais.com.br\/index.php?rest_route=\/wp\/v2\/users\/1"}],"replies":[{"embeddable":true,"href":"https:\/\/noticiasregionais.com.br\/index.php?rest_route=%2Fwp%2Fv2%2Fcomments&post=2527"}],"version-history":[{"count":1,"href":"https:\/\/noticiasregionais.com.br\/index.php?rest_route=\/wp\/v2\/posts\/2527\/revisions"}],"predecessor-version":[{"id":2529,"href":"https:\/\/noticiasregionais.com.br\/index.php?rest_route=\/wp\/v2\/posts\/2527\/revisions\/2529"}],"wp:featuredmedia":[{"embeddable":true,"href":"https:\/\/noticiasregionais.com.br\/index.php?rest_route=\/wp\/v2\/media\/2528"}],"wp:attachment":[{"href":"https:\/\/noticiasregionais.com.br\/index.php?rest_route=%2Fwp%2Fv2%2Fmedia&parent=2527"}],"wp:term":[{"taxonomy":"category","embeddable":true,"href":"https:\/\/noticiasregionais.com.br\/index.php?rest_route=%2Fwp%2Fv2%2Fcategories&post=2527"},{"taxonomy":"post_tag","embeddable":true,"href":"https:\/\/noticiasregionais.com.br\/index.php?rest_route=%2Fwp%2Fv2%2Ftags&post=2527"}],"curies":[{"name":"wp","href":"https:\/\/api.w.org\/{rel}","templated":true}]}}