{"id":2530,"date":"2024-04-08T07:26:49","date_gmt":"2024-04-08T10:26:49","guid":{"rendered":"https:\/\/noticiasregionais.com.br\/?p=2530"},"modified":"2024-04-08T07:26:51","modified_gmt":"2024-04-08T10:26:51","slug":"prf-apreende-mais-de-uma-tonelada-de-maconha-em-ourinhos","status":"publish","type":"post","link":"https:\/\/noticiasregionais.com.br\/?p=2530","title":{"rendered":"PRF apreende mais de uma tonelada de maconha em Ourinhos"},"content":{"rendered":"\n<p class=\"has-text-align-center\"><strong>Quantidade \u00e9 resultado de quatro ocorr\u00eancias da \u00faltima semana na regi\u00e3o<\/strong><\/p>\n\n\n\n<p>A Pol\u00edcia Rodovi\u00e1ria Federal contabilizou nos \u00faltimos dias a apreens\u00e3o de 1.091,57 quilos de maconha na regi\u00e3o de Ourinhos\/SP. Foram quatro flagrantes que exigiram diferentes atua\u00e7\u00f5es das equipes que trabalharam nelas. <br><br>A experi\u00eancia dos PRFs, com uso de c\u00e3es, habilidade e paci\u00eancia para acompanhamento t\u00e1tico a fugitivo foram usados pelos policiais numa regi\u00e3o conhecida como rota caipira do tr\u00e1fico, pela qual as drogas produzidas no Paraguai e Bol\u00edvia s\u00e3o transportadas aos polos consumidores do sudeste ou centros de distribui\u00e7\u00e3o para o Norte e Nordeste do Brasil. A proximidade com os pa\u00edses produtores e a malha rodovi\u00e1ria muito capilarizada s\u00e3o aproveitadas pelos criminosos.<br><br>Os flagrantes espelham algumas t\u00e1ticas usadas para dificultar o trabalho policial de retirada de drogas ilegais de circula\u00e7\u00e3o. Numa das ocorr\u00eancias a carga estava acondicionada em bagagem de um passageiro de \u00f4nibus interestadual. Em outra, a carga estava em acondicionada em um carro e havia outro viajando junto para vigiar a pista contra fiscaliza\u00e7\u00f5es. Algumas dessas pessoas, as chamadas \u201cmulas\u201d, s\u00e3o cooptadas pelo tr\u00e1fico para realizar o trabalho de transporte ou escolta. Quatro pessoas foram presas e levadas \u00e0 pol\u00edcia judici\u00e1ria para investiga\u00e7\u00e3o.<br><br>Ourinhos conta com uma unidade operacional de policiamento, a qual esta ligada \u00e0 delegacia da Pol\u00edcia Rodovi\u00e1ria Federal em Mar\u00edlia, onde tamb\u00e9m fica outra unidade. A unidade de Guai\u00e7ara completa a estruturada da PRF na regi\u00e3o.<\/p>\n<input type=\"hidden\" id=\"baseurl\" value=\"https:\/\/noticiasregionais.com.br\"><input type=\"hidden\" id=\"audio_nonce\" value=\"3cdc555a10\">","protected":false},"excerpt":{"rendered":"<p>Quantidade \u00e9 resultado de quatro ocorr\u00eancias da \u00faltima semana na regi\u00e3o A Pol\u00edcia Rodovi\u00e1ria Federal contabilizou nos \u00faltimos dias a&hellip;<\/p>\n","protected":false},"author":1,"featured_media":2531,"comment_status":"closed","ping_status":"open","sticky":false,"template":"","format":"standard","meta":{"sfsi_plus_gutenberg_text_before_share":"","sfsi_plus_gutenberg_show_text_before_share":"","sfsi_plus_gutenberg_icon_type":"","sfsi_plus_gutenberg_icon_alignemt":"","sfsi_plus_gutenburg_max_per_row":"","footnotes":""},"categories":[5,10,1],"tags":[],"class_list":["post-2530","post","type-post","status-publish","format-standard","has-post-thumbnail","hentry","category-ourinhos","category-destaques","category-noticias"],"_links":{"self":[{"href":"https:\/\/noticiasregionais.com.br\/index.php?rest_route=\/wp\/v2\/posts\/2530","targetHints":{"allow":["GET"]}}],"collection":[{"href":"https:\/\/noticiasregionais.com.br\/index.php?rest_route=\/wp\/v2\/posts"}],"about":[{"href":"https:\/\/noticiasregionais.com.br\/index.php?rest_route=\/wp\/v2\/types\/post"}],"author":[{"embeddable":true,"href":"https:\/\/noticiasregionais.com.br\/index.php?rest_route=\/wp\/v2\/users\/1"}],"replies":[{"embeddable":true,"href":"https:\/\/noticiasregionais.com.br\/index.php?rest_route=%2Fwp%2Fv2%2Fcomments&post=2530"}],"version-history":[{"count":1,"href":"https:\/\/noticiasregionais.com.br\/index.php?rest_route=\/wp\/v2\/posts\/2530\/revisions"}],"predecessor-version":[{"id":2532,"href":"https:\/\/noticiasregionais.com.br\/index.php?rest_route=\/wp\/v2\/posts\/2530\/revisions\/2532"}],"wp:featuredmedia":[{"embeddable":true,"href":"https:\/\/noticiasregionais.com.br\/index.php?rest_route=\/wp\/v2\/media\/2531"}],"wp:attachment":[{"href":"https:\/\/noticiasregionais.com.br\/index.php?rest_route=%2Fwp%2Fv2%2Fmedia&parent=2530"}],"wp:term":[{"taxonomy":"category","embeddable":true,"href":"https:\/\/noticiasregionais.com.br\/index.php?rest_route=%2Fwp%2Fv2%2Fcategories&post=2530"},{"taxonomy":"post_tag","embeddable":true,"href":"https:\/\/noticiasregionais.com.br\/index.php?rest_route=%2Fwp%2Fv2%2Ftags&post=2530"}],"curies":[{"name":"wp","href":"https:\/\/api.w.org\/{rel}","templated":true}]}}