{"id":2533,"date":"2024-04-08T07:36:17","date_gmt":"2024-04-08T10:36:17","guid":{"rendered":"https:\/\/noticiasregionais.com.br\/?p=2533"},"modified":"2024-04-08T07:36:28","modified_gmt":"2024-04-08T10:36:28","slug":"policia-rodoviaria-estadual-apreende-drogas-em-ourinhos","status":"publish","type":"post","link":"https:\/\/noticiasregionais.com.br\/?p=2533","title":{"rendered":"Pol\u00edcia Rodovi\u00e1ria Estadual apreende Drogas em Ourinhos"},"content":{"rendered":"\n<p>Em uma opera\u00e7\u00e3o impactante realizada na tarde do dia 06 de abril de 2024, por volta das 15:15h, a Pol\u00edcia Militar Rodovi\u00e1ria efetuou a pris\u00e3o de uma mulher por tr\u00e1fico de drogas na Rodovia Orlando Quagliato (SP 327), altura do km 28,400, no munic\u00edpio de Ourinhos, S\u00e3o Paulo.<\/p>\n\n\n\n<p>A a\u00e7\u00e3o ocorreu durante a Opera\u00e7\u00e3o Impacto, quando os agentes do 3\u00b0 Pelot\u00e3o da 3\u00aa Companhia do 2\u00b0 Batalh\u00e3o de Pol\u00edcia Rodovi\u00e1ria (BPRv) realizaram a abordagem de um \u00f4nibus interestadual da marca Mercedes-Benz, modelo Mpolo Paradiso, que seguia em fiscaliza\u00e7\u00e3o de rotina.<\/p>\n\n\n\n<p>Durante a inspe\u00e7\u00e3o, os policiais encontraram, escondidas na regi\u00e3o da cintura de uma passageira de nacionalidade boliviana, duas cintas envoltas com fita adesiva contendo diversas c\u00e1psulas de pasta base de coca\u00edna. A descoberta surpreendeu os agentes, dada a sofistica\u00e7\u00e3o do m\u00e9todo de oculta\u00e7\u00e3o do entorpecente.<\/p>\n\n\n\n<p>A suspeita, que n\u00e3o tinha antecedentes criminais registrados, foi detida imediatamente e encaminhada para a delegacia da Pol\u00edcia Federal em Mar\u00edlia, onde a ocorr\u00eancia foi registrada. Ap\u00f3s a per\u00edcia e pesagem oficial, constatou-se que a quantidade total de drogas apreendida era de 1,144 kg de pasta base de coca\u00edna, um montante significativo que indica a gravidade do tr\u00e1fico de entorpecentes na regi\u00e3o.<\/p>\n\n\n\n<p>A pris\u00e3o da suspeita representa mais um passo na luta contra a dissemina\u00e7\u00e3o de subst\u00e2ncias il\u00edcitas, destacando o compromisso da Pol\u00edcia Militar Rodovi\u00e1ria com a justi\u00e7a e a ordem p\u00fablica, refor\u00e7ando o lema da PM, que segue firme em sua jornada rumo ao bicenten\u00e1rio: &#8220;Vamos todos juntos. Ningu\u00e9m fica para tr\u00e1s&#8221;.<\/p>\n<input type=\"hidden\" id=\"baseurl\" value=\"https:\/\/noticiasregionais.com.br\"><input type=\"hidden\" id=\"audio_nonce\" value=\"533fbb67b1\">","protected":false},"excerpt":{"rendered":"<p>Em uma opera\u00e7\u00e3o impactante realizada na tarde do dia 06 de abril de 2024, por volta das 15:15h, a Pol\u00edcia&hellip;<\/p>\n","protected":false},"author":1,"featured_media":2534,"comment_status":"closed","ping_status":"open","sticky":false,"template":"","format":"standard","meta":{"sfsi_plus_gutenberg_text_before_share":"","sfsi_plus_gutenberg_show_text_before_share":"","sfsi_plus_gutenberg_icon_type":"","sfsi_plus_gutenberg_icon_alignemt":"","sfsi_plus_gutenburg_max_per_row":"","footnotes":""},"categories":[5,12,1],"tags":[],"class_list":["post-2533","post","type-post","status-publish","format-standard","has-post-thumbnail","hentry","category-ourinhos","category-capa","category-noticias"],"_links":{"self":[{"href":"https:\/\/noticiasregionais.com.br\/index.php?rest_route=\/wp\/v2\/posts\/2533","targetHints":{"allow":["GET"]}}],"collection":[{"href":"https:\/\/noticiasregionais.com.br\/index.php?rest_route=\/wp\/v2\/posts"}],"about":[{"href":"https:\/\/noticiasregionais.com.br\/index.php?rest_route=\/wp\/v2\/types\/post"}],"author":[{"embeddable":true,"href":"https:\/\/noticiasregionais.com.br\/index.php?rest_route=\/wp\/v2\/users\/1"}],"replies":[{"embeddable":true,"href":"https:\/\/noticiasregionais.com.br\/index.php?rest_route=%2Fwp%2Fv2%2Fcomments&post=2533"}],"version-history":[{"count":1,"href":"https:\/\/noticiasregionais.com.br\/index.php?rest_route=\/wp\/v2\/posts\/2533\/revisions"}],"predecessor-version":[{"id":2535,"href":"https:\/\/noticiasregionais.com.br\/index.php?rest_route=\/wp\/v2\/posts\/2533\/revisions\/2535"}],"wp:featuredmedia":[{"embeddable":true,"href":"https:\/\/noticiasregionais.com.br\/index.php?rest_route=\/wp\/v2\/media\/2534"}],"wp:attachment":[{"href":"https:\/\/noticiasregionais.com.br\/index.php?rest_route=%2Fwp%2Fv2%2Fmedia&parent=2533"}],"wp:term":[{"taxonomy":"category","embeddable":true,"href":"https:\/\/noticiasregionais.com.br\/index.php?rest_route=%2Fwp%2Fv2%2Fcategories&post=2533"},{"taxonomy":"post_tag","embeddable":true,"href":"https:\/\/noticiasregionais.com.br\/index.php?rest_route=%2Fwp%2Fv2%2Ftags&post=2533"}],"curies":[{"name":"wp","href":"https:\/\/api.w.org\/{rel}","templated":true}]}}