{"id":2536,"date":"2024-04-08T16:24:17","date_gmt":"2024-04-08T19:24:17","guid":{"rendered":"https:\/\/noticiasregionais.com.br\/?p=2536"},"modified":"2024-04-08T16:24:20","modified_gmt":"2024-04-08T19:24:20","slug":"em-marco-781-das-familias-declararam-possuir-dividas-a-vencer-aponta-cnc","status":"publish","type":"post","link":"https:\/\/noticiasregionais.com.br\/?p=2536","title":{"rendered":"Em mar\u00e7o, 78,1% das fam\u00edlias declararam possuir d\u00edvidas a vencer, aponta CNC"},"content":{"rendered":"\n<p class=\"has-text-align-center\"><strong>O endividamento aumentou em mar\u00e7o, principalmente entre as fam\u00edlias de menor renda<\/strong><\/p>\n\n\n\n<p>Em mar\u00e7o de 2024, 78,1% das fam\u00edlias declararam possuir d\u00edvidas a vencer (incluindo cart\u00e3o de cr\u00e9dito, cheque especial, carn\u00ea de loja, cr\u00e9dito consignado, empr\u00e9stimo pessoal, cheque pr\u00e9-datado e presta\u00e7\u00f5es de carro e casa). Esse n\u00famero representa um aumento em rela\u00e7\u00e3o a fevereiro (77,9%), por\u00e9m ainda fica abaixo do registrado em mar\u00e7o de 2023 (78,3%). Os dados foram divulgados pela Confedera\u00e7\u00e3o Nacional do Com\u00e9rcio de Bens, Servi\u00e7os e Turismo (CNC).<\/p>\n\n\n\n<p>A economista da CNC Izis Ferreira aponta que a alta no endividamento pode ser explicada por fatores como a redu\u00e7\u00e3o da taxa de juros, que melhorou o custo do cr\u00e9dito. \u201cMais consumidores est\u00e3o usando cr\u00e9dito para consumir produtos e servi\u00e7os, principalmente os que dependem de prazo para pagamento e parcelamento\u201d, explica.<\/p>\n\n\n\n<p>A economista destaca que a alta no endividamento foi provocada principalmente entre as fam\u00edlias de baixa renda (com 0 a 3 sal\u00e1rios m\u00ednimos), e tamb\u00e9m a primeira faixa da renda m\u00e9dia (entre tr\u00eas e cinco sal\u00e1rios). De acordo com a economista, esses s\u00e3o os consumidores que t\u00eam apontado uma maior necessidade de cr\u00e9dito.<\/p>\n\n\n\n<p>\u201cA gente ainda v\u00ea aumento nas concess\u00f5es de cr\u00e9dito, pelos dados do Banco Central. Por\u00e9m, essas concess\u00f5es v\u00eam desacelerando, muito em raz\u00e3o de um maior conservadorismo das pr\u00f3prias institui\u00e7\u00f5es \u2014&nbsp;uma maior cautela das institui\u00e7\u00f5es diante de novos empr\u00e9stimos, em raz\u00e3o da alta da inadimpl\u00eancia que tivemos no ano passado\u201d, pontua.<\/p>\n\n\n\n<p>Al\u00e9m do aumento no endividamento, houve um ligeiro aumento no percentual de pessoas que se autodeclararam como &#8220;muito endividadas&#8221;, atingindo 16,8%. Esse aumento interrompe uma tend\u00eancia de queda que vinha ocorrendo nos \u00faltimos quatro meses. Por outro lado, tamb\u00e9m houve um aumento no n\u00famero de pessoas que afirmaram estar &#8220;pouco endividadas&#8221; (32,3%) em mar\u00e7o.<\/p>\n\n\n\n<h2 class=\"wp-block-heading\">Aumento da inadimpl\u00eancia<\/h2>\n\n\n\n<p>Ap\u00f3s cinco meses consecutivos de queda, o percentual de fam\u00edlias com d\u00edvidas em atraso registrou um aumento de 0,5 ponto percentual. Esse aumento na inadimpl\u00eancia tamb\u00e9m \u00e9 refletido pelo crescimento de 0,1 percentual de fam\u00edlias que n\u00e3o ter\u00e3o condi\u00e7\u00f5es de pagar suas d\u00edvidas<\/p>\n\n\n\n<p>\u201cO primeiro trimestre do ano \u00e9 mais dif\u00edcil em termos de gest\u00e3o financeira familiar, porque a gente tem vencimento que s\u00e3o caracter\u00edsticas desse momento do ano, alguns tributos, despesas maiores com escolas, entre outros. Ent\u00e3o esse \u00e9 o momento em que o consumidor precisa ter um cuidado maior para fazer a gest\u00e3o do or\u00e7amento\u201d, ressalta.<\/p>\n\n\n\n<p>Segundo J\u00f4natas Bueno, educador e consultor financeiro, o primeiro passo para manter o nome limpo \u00e9 &nbsp;entender o que \u00e9 considerado uma d\u00edvida. Ele explica que muitas pessoas associam d\u00edvidas apenas a pagamentos em atraso. &#8220;Mas qualquer compromisso do passado, qualquer parcela, mesmo de compras ordin\u00e1rias, mas que foram feitas parcelando \u2014&nbsp;isso constitui d\u00edvida. Ent\u00e3o, mesmo que esteja conseguindo pagar seus compromissos em dia, essa tamb\u00e9m \u00e9 uma pessoa endividada\u201d, explica.<\/p>\n\n\n\n<p>O educador financeiro aponta que \u00e9 necess\u00e1rio encarar o parcelamento de compras do dia a dia como algo desfavor\u00e1vel. Ele ressalta que esses parcelamentos limitam a flexibilidade financeira diante de imprevistos ou situa\u00e7\u00f5es n\u00e3o previstas. Isso pode levar a pessoa a ter que escolher entre pagar uma conta essencial do dia a dia, como internet ou \u00e1gua, ou quitar uma d\u00edvida considerada mais urgente.<\/p>\n\n\n\n<p><strong>Leia mais:<\/strong><\/p>\n\n\n\n<p><a href=\"https:\/\/brasil61.com\/n\/imposto-sobre-sucessao-deve-ser-impactado-por-reforma-tributaria-bras2411243\" target=\"_blank\" rel=\"noopener\">Imposto sobre sucess\u00e3o deve ser impactado por Reforma Tribut\u00e1ria<\/a><\/p>\n\n\n\n<p>Fonte: <a href=\"https:\/\/brasil61.com\/n\/em-marco-78-1-das-familias-declararam-possuir-dividas-a-vencer-aponta-cnc-bras2411426?email=fxmendes2012@gmail.com&amp;utm_source=newsletter&amp;utm_medium=newsletter&amp;utm_campaign=newsletter\" target=\"_blank\" rel=\"noreferrer noopener\">Brasil 61<\/a><\/p>\n<input type=\"hidden\" id=\"baseurl\" value=\"https:\/\/noticiasregionais.com.br\"><input type=\"hidden\" id=\"audio_nonce\" value=\"533fbb67b1\">","protected":false},"excerpt":{"rendered":"<p>O endividamento aumentou em mar\u00e7o, principalmente entre as fam\u00edlias de menor renda Em mar\u00e7o de 2024, 78,1% das fam\u00edlias declararam&hellip;<\/p>\n","protected":false},"author":1,"featured_media":2537,"comment_status":"closed","ping_status":"open","sticky":false,"template":"","format":"standard","meta":{"sfsi_plus_gutenberg_text_before_share":"","sfsi_plus_gutenberg_show_text_before_share":"","sfsi_plus_gutenberg_icon_type":"","sfsi_plus_gutenberg_icon_alignemt":"","sfsi_plus_gutenburg_max_per_row":"","footnotes":""},"categories":[8,10,1],"tags":[],"class_list":["post-2536","post","type-post","status-publish","format-standard","has-post-thumbnail","hentry","category-brasil","category-destaques","category-noticias"],"_links":{"self":[{"href":"https:\/\/noticiasregionais.com.br\/index.php?rest_route=\/wp\/v2\/posts\/2536","targetHints":{"allow":["GET"]}}],"collection":[{"href":"https:\/\/noticiasregionais.com.br\/index.php?rest_route=\/wp\/v2\/posts"}],"about":[{"href":"https:\/\/noticiasregionais.com.br\/index.php?rest_route=\/wp\/v2\/types\/post"}],"author":[{"embeddable":true,"href":"https:\/\/noticiasregionais.com.br\/index.php?rest_route=\/wp\/v2\/users\/1"}],"replies":[{"embeddable":true,"href":"https:\/\/noticiasregionais.com.br\/index.php?rest_route=%2Fwp%2Fv2%2Fcomments&post=2536"}],"version-history":[{"count":1,"href":"https:\/\/noticiasregionais.com.br\/index.php?rest_route=\/wp\/v2\/posts\/2536\/revisions"}],"predecessor-version":[{"id":2538,"href":"https:\/\/noticiasregionais.com.br\/index.php?rest_route=\/wp\/v2\/posts\/2536\/revisions\/2538"}],"wp:featuredmedia":[{"embeddable":true,"href":"https:\/\/noticiasregionais.com.br\/index.php?rest_route=\/wp\/v2\/media\/2537"}],"wp:attachment":[{"href":"https:\/\/noticiasregionais.com.br\/index.php?rest_route=%2Fwp%2Fv2%2Fmedia&parent=2536"}],"wp:term":[{"taxonomy":"category","embeddable":true,"href":"https:\/\/noticiasregionais.com.br\/index.php?rest_route=%2Fwp%2Fv2%2Fcategories&post=2536"},{"taxonomy":"post_tag","embeddable":true,"href":"https:\/\/noticiasregionais.com.br\/index.php?rest_route=%2Fwp%2Fv2%2Ftags&post=2536"}],"curies":[{"name":"wp","href":"https:\/\/api.w.org\/{rel}","templated":true}]}}