{"id":2539,"date":"2024-04-08T20:17:44","date_gmt":"2024-04-08T23:17:44","guid":{"rendered":"https:\/\/noticiasregionais.com.br\/?p=2539"},"modified":"2024-04-08T20:17:55","modified_gmt":"2024-04-08T23:17:55","slug":"pescador-ourinhense-clodoaldo-conhecido-como-sossego-e-encontrado-sem-vida-no-rio-paranapanema","status":"publish","type":"post","link":"https:\/\/noticiasregionais.com.br\/?p=2539","title":{"rendered":"Pescador ourinhense Clodoaldo, conhecido como Sossego, \u00e9 encontrado sem vida no Rio Paranapanema"},"content":{"rendered":"\n<p>A fam\u00edlia do pescador Clodoaldo, conhecido como Sossego, recebeu a triste not\u00edcia da localiza\u00e7\u00e3o de seu corpo no Rio Paranapanema na tarde desta segunda (8). Clodoaldo estava desaparecido desde a tarde de domingo (7) ap\u00f3s cair do barco em que pescava com outros 2 familiares. As buscas pelo pescador duraram mais de 24 horas e envolveram equipes do Corpo de Bombeiros de Ourinhos, Mar\u00edlia e Jacarezinho (PR). O corpo de Clodoaldo foi encontrado no final desta tarde.<\/p>\n<input type=\"hidden\" id=\"baseurl\" value=\"https:\/\/noticiasregionais.com.br\"><input type=\"hidden\" id=\"audio_nonce\" value=\"533fbb67b1\">","protected":false},"excerpt":{"rendered":"<p>A fam\u00edlia do pescador Clodoaldo, conhecido como Sossego, recebeu a triste not\u00edcia da localiza\u00e7\u00e3o de seu corpo no Rio Paranapanema&hellip;<\/p>\n","protected":false},"author":1,"featured_media":2540,"comment_status":"closed","ping_status":"open","sticky":false,"template":"","format":"standard","meta":{"sfsi_plus_gutenberg_text_before_share":"","sfsi_plus_gutenberg_show_text_before_share":"","sfsi_plus_gutenberg_icon_type":"","sfsi_plus_gutenberg_icon_alignemt":"","sfsi_plus_gutenburg_max_per_row":"","footnotes":""},"categories":[5,12,1],"tags":[],"class_list":["post-2539","post","type-post","status-publish","format-standard","has-post-thumbnail","hentry","category-ourinhos","category-capa","category-noticias"],"_links":{"self":[{"href":"https:\/\/noticiasregionais.com.br\/index.php?rest_route=\/wp\/v2\/posts\/2539","targetHints":{"allow":["GET"]}}],"collection":[{"href":"https:\/\/noticiasregionais.com.br\/index.php?rest_route=\/wp\/v2\/posts"}],"about":[{"href":"https:\/\/noticiasregionais.com.br\/index.php?rest_route=\/wp\/v2\/types\/post"}],"author":[{"embeddable":true,"href":"https:\/\/noticiasregionais.com.br\/index.php?rest_route=\/wp\/v2\/users\/1"}],"replies":[{"embeddable":true,"href":"https:\/\/noticiasregionais.com.br\/index.php?rest_route=%2Fwp%2Fv2%2Fcomments&post=2539"}],"version-history":[{"count":1,"href":"https:\/\/noticiasregionais.com.br\/index.php?rest_route=\/wp\/v2\/posts\/2539\/revisions"}],"predecessor-version":[{"id":2541,"href":"https:\/\/noticiasregionais.com.br\/index.php?rest_route=\/wp\/v2\/posts\/2539\/revisions\/2541"}],"wp:featuredmedia":[{"embeddable":true,"href":"https:\/\/noticiasregionais.com.br\/index.php?rest_route=\/wp\/v2\/media\/2540"}],"wp:attachment":[{"href":"https:\/\/noticiasregionais.com.br\/index.php?rest_route=%2Fwp%2Fv2%2Fmedia&parent=2539"}],"wp:term":[{"taxonomy":"category","embeddable":true,"href":"https:\/\/noticiasregionais.com.br\/index.php?rest_route=%2Fwp%2Fv2%2Fcategories&post=2539"},{"taxonomy":"post_tag","embeddable":true,"href":"https:\/\/noticiasregionais.com.br\/index.php?rest_route=%2Fwp%2Fv2%2Ftags&post=2539"}],"curies":[{"name":"wp","href":"https:\/\/api.w.org\/{rel}","templated":true}]}}