{"id":2542,"date":"2024-04-08T20:29:41","date_gmt":"2024-04-08T23:29:41","guid":{"rendered":"https:\/\/noticiasregionais.com.br\/?p=2542"},"modified":"2024-04-08T20:29:44","modified_gmt":"2024-04-08T23:29:44","slug":"solidariedade-avalia-leandro-enfermeiro-para-prefeito-de-canitar","status":"publish","type":"post","link":"https:\/\/noticiasregionais.com.br\/?p=2542","title":{"rendered":"Solidariedade avalia Leandro Enfermeiro para prefeito de Canitar"},"content":{"rendered":"\n<p class=\"has-text-align-center\"><strong>Em meio \u00e0 competi\u00e7\u00e3o eleitoral cada vez mais intensa em Canitar, surge uma nova possibilidade, al\u00e9m dos nomes j\u00e1 conhecidos de An\u00edbal Feliciano e Joel Rodrigues, agora o Solidariedade tamb\u00e9m est\u00e1 considerando lan\u00e7ar seu pr\u00f3prio candidato.<\/strong><\/p>\n\n\n\n<p>Segundo o presidente do Solidariedade em Canitar, \u00e9 fundamental que o candidato a prefeito abrace as propostas e ideais do partido. Ele ressalta que o Solidariedade enxerga Canitar estagnada no tempo e acredita que \u00e9 necess\u00e1rio avan\u00e7ar e evoluir para garantir um futuro promissor para a cidade.<br>&#8220;\u00c9 imprescind\u00edvel que o candidato a prefeito esteja alinhado com as propostas do Solidariedade. Canitar n\u00e3o pode mais se dar ao luxo de ficar parada no tempo. Precisamos de um l\u00edder comprometido com o progresso e o desenvolvimento do munic\u00edpio&#8221;, destacou o presidente do partido.<br>Nesse contexto, Leandro Enfermeiro que recentemente se filiou ao partido, surge como uma op\u00e7\u00e3o que se alinha \u00e0s diretrizes e valores do Solidariedade, apresentando experi\u00eancia, compet\u00eancia e uma vis\u00e3o progressista para Canitar. Seu hist\u00f3rico positivo nas urnas e seu comprometimento com o bem-estar da comunidade s\u00e3o atributos que fortalecem sua poss\u00edvel candidatura.<br>Leandro Enfermeiro como candidato a prefeito representa uma aposta do Solidariedade em um l\u00edder capaz de impulsionar o progresso socioecon\u00f4mico da cidade, buscando solu\u00e7\u00f5es concretas para os desafios locais e priorizando o desenvolvimento sustent\u00e1vel.<br>Com a entrada do Solidariedade na corrida eleitoral, a competi\u00e7\u00e3o se torna ainda mais acirrada, prometendo uma disputa acirrada nas elei\u00e7\u00f5es municipais deste ano.<\/p>\n<input type=\"hidden\" id=\"baseurl\" value=\"https:\/\/noticiasregionais.com.br\"><input type=\"hidden\" id=\"audio_nonce\" value=\"533fbb67b1\">","protected":false},"excerpt":{"rendered":"<p>Em meio \u00e0 competi\u00e7\u00e3o eleitoral cada vez mais intensa em Canitar, surge uma nova possibilidade, al\u00e9m dos nomes j\u00e1 conhecidos&hellip;<\/p>\n","protected":false},"author":1,"featured_media":2543,"comment_status":"closed","ping_status":"open","sticky":false,"template":"","format":"standard","meta":{"sfsi_plus_gutenberg_text_before_share":"","sfsi_plus_gutenberg_show_text_before_share":"","sfsi_plus_gutenberg_icon_type":"","sfsi_plus_gutenberg_icon_alignemt":"","sfsi_plus_gutenburg_max_per_row":"","footnotes":""},"categories":[6,10,1],"tags":[],"class_list":["post-2542","post","type-post","status-publish","format-standard","has-post-thumbnail","hentry","category-sao_paulo","category-destaques","category-noticias"],"_links":{"self":[{"href":"https:\/\/noticiasregionais.com.br\/index.php?rest_route=\/wp\/v2\/posts\/2542","targetHints":{"allow":["GET"]}}],"collection":[{"href":"https:\/\/noticiasregionais.com.br\/index.php?rest_route=\/wp\/v2\/posts"}],"about":[{"href":"https:\/\/noticiasregionais.com.br\/index.php?rest_route=\/wp\/v2\/types\/post"}],"author":[{"embeddable":true,"href":"https:\/\/noticiasregionais.com.br\/index.php?rest_route=\/wp\/v2\/users\/1"}],"replies":[{"embeddable":true,"href":"https:\/\/noticiasregionais.com.br\/index.php?rest_route=%2Fwp%2Fv2%2Fcomments&post=2542"}],"version-history":[{"count":1,"href":"https:\/\/noticiasregionais.com.br\/index.php?rest_route=\/wp\/v2\/posts\/2542\/revisions"}],"predecessor-version":[{"id":2544,"href":"https:\/\/noticiasregionais.com.br\/index.php?rest_route=\/wp\/v2\/posts\/2542\/revisions\/2544"}],"wp:featuredmedia":[{"embeddable":true,"href":"https:\/\/noticiasregionais.com.br\/index.php?rest_route=\/wp\/v2\/media\/2543"}],"wp:attachment":[{"href":"https:\/\/noticiasregionais.com.br\/index.php?rest_route=%2Fwp%2Fv2%2Fmedia&parent=2542"}],"wp:term":[{"taxonomy":"category","embeddable":true,"href":"https:\/\/noticiasregionais.com.br\/index.php?rest_route=%2Fwp%2Fv2%2Fcategories&post=2542"},{"taxonomy":"post_tag","embeddable":true,"href":"https:\/\/noticiasregionais.com.br\/index.php?rest_route=%2Fwp%2Fv2%2Ftags&post=2542"}],"curies":[{"name":"wp","href":"https:\/\/api.w.org\/{rel}","templated":true}]}}