{"id":2545,"date":"2024-04-08T20:56:43","date_gmt":"2024-04-08T23:56:43","guid":{"rendered":"https:\/\/noticiasregionais.com.br\/?p=2545"},"modified":"2024-04-08T20:56:46","modified_gmt":"2024-04-08T23:56:46","slug":"ainda-sem-solucao-pavimento-destruido-em-varios-bairros-e-tema-de-requerimentos-na-camara","status":"publish","type":"post","link":"https:\/\/noticiasregionais.com.br\/?p=2545","title":{"rendered":"Ainda sem solu\u00e7\u00e3o, pavimento destruido em v\u00e1rios bairros \u00e9 tema de requerimentos na C\u00e2mara"},"content":{"rendered":"\n<p class=\"has-text-align-center\"><strong>Vereador Roberto Tasca apresenta s\u00e9rie de Requerimentos solicitando recape asf\u00e1ltico com urg\u00eancia nas ruas do Jardim Anchieta, Helena Braz Vendramini, Recanto dos P\u00e1ssaros e Orlando Quagliato<\/strong><\/p>\n\n\n\n<p>Durante a 9\u00aa Sess\u00e3o Ordin\u00e1ria, o vereador Roberto Tasca apresentou uma s\u00e9rie de Requerimentos solicitando recape asf\u00e1ltico.<\/p>\n\n\n\n<p>Segundo o parlamentar, os pedidos abrangem todas as ruas dos bairros Jardim Anchieta, Conjunto Habitacional Helena Braz Vendramini, Loteamento Residencial Recanto dos P\u00e1ssaros e Conjunto Habitacional Orlando Quagliato.<\/p>\n\n\n\n<p>\u201cRecentemente, percorri v\u00e1rios bairros. S\u00e3o anos sem nenhum olhar para os bairros mais afastados. Por isso, estou pedindo recape urgente em todas as ruas\u201d, ressaltou o vereador.<\/p>\n\n\n\n<p>Por fim, Tasca falou sobre o que viu nos locais. \u201c\u00c9 absurda a situa\u00e7\u00e3o. \u00c9 aquela velha hist\u00f3ria: onde est\u00e1 bom? A situa\u00e7\u00e3o das ruas est\u00e1 terr\u00edvel, nem opera\u00e7\u00e3o tapa-buracos resolve, precisa de recape\u00a0urgente\u201d.<\/p>\n\n\n\n<p>Lembrando que h\u00e1 pouco tempo a situa\u00e7\u00e3o prec\u00e1ria de alguns desses bairros ganhou destaque aqui no NOTICIAS REGIONAIS: <strong><a href=\"https:\/\/noticiasregionais.com.br\/?p=2055\">acesse a mat\u00e9ria<\/a><\/strong><\/p>\n<input type=\"hidden\" id=\"baseurl\" value=\"https:\/\/noticiasregionais.com.br\"><input type=\"hidden\" id=\"audio_nonce\" value=\"533fbb67b1\">","protected":false},"excerpt":{"rendered":"<p>Vereador Roberto Tasca apresenta s\u00e9rie de Requerimentos solicitando recape asf\u00e1ltico com urg\u00eancia nas ruas do Jardim Anchieta, Helena Braz Vendramini,&hellip;<\/p>\n","protected":false},"author":1,"featured_media":2547,"comment_status":"closed","ping_status":"open","sticky":false,"template":"","format":"standard","meta":{"sfsi_plus_gutenberg_text_before_share":"","sfsi_plus_gutenberg_show_text_before_share":"","sfsi_plus_gutenberg_icon_type":"","sfsi_plus_gutenberg_icon_alignemt":"","sfsi_plus_gutenburg_max_per_row":"","footnotes":""},"categories":[10,1,5],"tags":[],"class_list":["post-2545","post","type-post","status-publish","format-standard","has-post-thumbnail","hentry","category-destaques","category-noticias","category-ourinhos"],"_links":{"self":[{"href":"https:\/\/noticiasregionais.com.br\/index.php?rest_route=\/wp\/v2\/posts\/2545","targetHints":{"allow":["GET"]}}],"collection":[{"href":"https:\/\/noticiasregionais.com.br\/index.php?rest_route=\/wp\/v2\/posts"}],"about":[{"href":"https:\/\/noticiasregionais.com.br\/index.php?rest_route=\/wp\/v2\/types\/post"}],"author":[{"embeddable":true,"href":"https:\/\/noticiasregionais.com.br\/index.php?rest_route=\/wp\/v2\/users\/1"}],"replies":[{"embeddable":true,"href":"https:\/\/noticiasregionais.com.br\/index.php?rest_route=%2Fwp%2Fv2%2Fcomments&post=2545"}],"version-history":[{"count":1,"href":"https:\/\/noticiasregionais.com.br\/index.php?rest_route=\/wp\/v2\/posts\/2545\/revisions"}],"predecessor-version":[{"id":2548,"href":"https:\/\/noticiasregionais.com.br\/index.php?rest_route=\/wp\/v2\/posts\/2545\/revisions\/2548"}],"wp:featuredmedia":[{"embeddable":true,"href":"https:\/\/noticiasregionais.com.br\/index.php?rest_route=\/wp\/v2\/media\/2547"}],"wp:attachment":[{"href":"https:\/\/noticiasregionais.com.br\/index.php?rest_route=%2Fwp%2Fv2%2Fmedia&parent=2545"}],"wp:term":[{"taxonomy":"category","embeddable":true,"href":"https:\/\/noticiasregionais.com.br\/index.php?rest_route=%2Fwp%2Fv2%2Fcategories&post=2545"},{"taxonomy":"post_tag","embeddable":true,"href":"https:\/\/noticiasregionais.com.br\/index.php?rest_route=%2Fwp%2Fv2%2Ftags&post=2545"}],"curies":[{"name":"wp","href":"https:\/\/api.w.org\/{rel}","templated":true}]}}