{"id":2549,"date":"2024-04-09T07:45:33","date_gmt":"2024-04-09T10:45:33","guid":{"rendered":"https:\/\/noticiasregionais.com.br\/?p=2549"},"modified":"2024-04-09T07:45:45","modified_gmt":"2024-04-09T10:45:45","slug":"univesp-prorroga-prazo-de-inscricao-de-vestibular-2024-ate-12-de-abril","status":"publish","type":"post","link":"https:\/\/noticiasregionais.com.br\/?p=2549","title":{"rendered":"Univesp prorroga prazo de inscri\u00e7\u00e3o de vestibular 2024 at\u00e9 12 de abril"},"content":{"rendered":"\n<p class=\"has-text-align-center\"><strong>Institui\u00e7\u00e3o de SP oferece mais de 23 mil vagas em 425 polos; \u00e9 o maior processo seletivo de ensino superior em alcance territorial do estado<\/strong><\/p>\n\n\n\n<p>A Universidade Virtual do Estado de S\u00e3o Paulo (<a href=\"https:\/\/univesp.br\/\" target=\"_blank\" rel=\"noreferrer noopener\">Univesp<\/a>), vinculada \u00e0&nbsp;<a href=\"https:\/\/www.inovacao.sp.gov.br\/\" target=\"_blank\" rel=\"noreferrer noopener\">Secretaria de Ci\u00eancia, Tecnologia e Inova\u00e7\u00e3o<\/a>&nbsp;do Governo de S\u00e3o Paulo, prorroga o per\u00edodo de inscri\u00e7\u00f5es do vestibular 2024 at\u00e9 a pr\u00f3xima sexta-feira (12), \u00e0s 21h. O processo seletivo oferece 23.322 vagas gratuitas de ensino superior destinadas a 425 polos de 371 munic\u00edpios na Grande S\u00e3o Paulo, interior e litoral.<\/p>\n\n\n\n<p>Ao todo, s\u00e3o nove cursos divididos em tr\u00eas eixos: Letras, Matem\u00e1tica e Pedagogia (Eixo de Licenciatura); Ci\u00eancia de Dados, Engenharia de Computa\u00e7\u00e3o e Tecnologia da Informa\u00e7\u00e3o (Eixo de Computa\u00e7\u00e3o); e Administra\u00e7\u00e3o, Engenharia de Produ\u00e7\u00e3o e Tecnologia em Processos Gerenciais (Eixo de Neg\u00f3cios e Produ\u00e7\u00e3o).<\/p>\n\n\n\n<p>As inscri\u00e7\u00f5es devem ser feitas pelo portal vestibular.univesp.br. A prova objetiva inclui uma reda\u00e7\u00e3o e ser\u00e1 aplicada no dia 26 de maio \u2013 os locais de exames ser\u00e3o divulgados no dia 21 de maio, a partir das 15h. O in\u00edcio das aulas est\u00e1 previsto para o final de julho de 2024. Neste ano, a Univesp tamb\u00e9m viabilizou 2.610 vagas para o Prov\u00e3o Paulista, aplicado pela&nbsp;<a href=\"http:\/\/www.educacao.sp.gov.br\/\" target=\"_blank\" rel=\"noreferrer noopener\">Secretaria da Educa\u00e7\u00e3o<\/a>&nbsp; \u2013 os aprovados tamb\u00e9m ingressam em julho.&nbsp;<\/p>\n\n\n\n<p>A inscri\u00e7\u00e3o custa R$ 52. Para participar, basta ter conclu\u00eddo o ensino m\u00e9dio ou estar matriculado no \u00faltimo ano com t\u00e9rmino previsto at\u00e9 o per\u00edodo de matr\u00edcula da Univesp. O vestibular permite a integra\u00e7\u00e3o de resultados do Exame Nacional do Ensino M\u00e9dio (Enem) \u00e0 nota final e tamb\u00e9m oferece pontua\u00e7\u00e3o acrescida para pessoas pretos, pardas e ind\u00edgenas e alunos do ensino m\u00e9dio da rede p\u00fablica.<\/p>\n\n\n\n<p>O candidato poder\u00e1 obter confirma\u00e7\u00e3o do pagamento e a efetiva\u00e7\u00e3o da inscri\u00e7\u00e3o no portal vestibular.univesp.br na \u00c1rea do Candidato. A Univesp tamb\u00e9m tira d\u00favidas na central de teleatendimento da Funda\u00e7\u00e3o FAT, das 8h \u00e0s 20h, em dias \u00fateis, pelo telefone (11) 3471-6100. Outra op\u00e7\u00e3o \u00e9 o atendimento eletr\u00f4nico 24h na \u00c1rea do Candidato.<\/p>\n\n\n\n<p>O gabarito oficial do vestibular ser\u00e1 divulgado em 27 de maio, a partir das 15h, tamb\u00e9m pelo portal do processo seletivo na internet. O resultado oficial ser\u00e1 publicado junto com a lista de primeira chamada no dia 25 de junho, tamb\u00e9m a partir das 15h.<\/p>\n\n\n\n<p><strong>Como funciona<\/strong><\/p>\n\n\n\n<p>Os cursos da Univesp s\u00e3o ministrados em Ambiente Virtual de Aprendizagem (AVA), plataforma on-line em que os estudantes podem assistir a videoaulas, acessar material did\u00e1tico, consultar bibliotecas digitais e tirar d\u00favidas do conte\u00fado com facilitadores.<\/p>\n\n\n\n<p>J\u00e1 os polos s\u00e3o espa\u00e7os f\u00edsicos onde os alunos contam com infraestrutura \u2013 computadores, impressoras e acesso \u00e0 internet \u2013, fazem provas, participam de discuss\u00f5es em grupo e t\u00eam acesso a servi\u00e7os de secretaria acad\u00eamica e tira-d\u00favidas. Todas as videoaulas tamb\u00e9m podem ser acessadas pelo&nbsp;<a href=\"https:\/\/www.youtube.com\/user\/univesptv\" target=\"_blank\" rel=\"noreferrer noopener\">canal da Univesp no YouTube<\/a>.<\/p>\n<input type=\"hidden\" id=\"baseurl\" value=\"https:\/\/noticiasregionais.com.br\"><input type=\"hidden\" id=\"audio_nonce\" value=\"533fbb67b1\">","protected":false},"excerpt":{"rendered":"<p>Institui\u00e7\u00e3o de SP oferece mais de 23 mil vagas em 425 polos; \u00e9 o maior processo seletivo de ensino superior&hellip;<\/p>\n","protected":false},"author":1,"featured_media":2550,"comment_status":"closed","ping_status":"open","sticky":false,"template":"","format":"standard","meta":{"sfsi_plus_gutenberg_text_before_share":"","sfsi_plus_gutenberg_show_text_before_share":"","sfsi_plus_gutenberg_icon_type":"","sfsi_plus_gutenberg_icon_alignemt":"","sfsi_plus_gutenburg_max_per_row":"","footnotes":""},"categories":[6,10,1],"tags":[],"class_list":["post-2549","post","type-post","status-publish","format-standard","has-post-thumbnail","hentry","category-sao_paulo","category-destaques","category-noticias"],"_links":{"self":[{"href":"https:\/\/noticiasregionais.com.br\/index.php?rest_route=\/wp\/v2\/posts\/2549","targetHints":{"allow":["GET"]}}],"collection":[{"href":"https:\/\/noticiasregionais.com.br\/index.php?rest_route=\/wp\/v2\/posts"}],"about":[{"href":"https:\/\/noticiasregionais.com.br\/index.php?rest_route=\/wp\/v2\/types\/post"}],"author":[{"embeddable":true,"href":"https:\/\/noticiasregionais.com.br\/index.php?rest_route=\/wp\/v2\/users\/1"}],"replies":[{"embeddable":true,"href":"https:\/\/noticiasregionais.com.br\/index.php?rest_route=%2Fwp%2Fv2%2Fcomments&post=2549"}],"version-history":[{"count":1,"href":"https:\/\/noticiasregionais.com.br\/index.php?rest_route=\/wp\/v2\/posts\/2549\/revisions"}],"predecessor-version":[{"id":2551,"href":"https:\/\/noticiasregionais.com.br\/index.php?rest_route=\/wp\/v2\/posts\/2549\/revisions\/2551"}],"wp:featuredmedia":[{"embeddable":true,"href":"https:\/\/noticiasregionais.com.br\/index.php?rest_route=\/wp\/v2\/media\/2550"}],"wp:attachment":[{"href":"https:\/\/noticiasregionais.com.br\/index.php?rest_route=%2Fwp%2Fv2%2Fmedia&parent=2549"}],"wp:term":[{"taxonomy":"category","embeddable":true,"href":"https:\/\/noticiasregionais.com.br\/index.php?rest_route=%2Fwp%2Fv2%2Fcategories&post=2549"},{"taxonomy":"post_tag","embeddable":true,"href":"https:\/\/noticiasregionais.com.br\/index.php?rest_route=%2Fwp%2Fv2%2Ftags&post=2549"}],"curies":[{"name":"wp","href":"https:\/\/api.w.org\/{rel}","templated":true}]}}