{"id":2552,"date":"2024-04-09T14:06:54","date_gmt":"2024-04-09T17:06:54","guid":{"rendered":"https:\/\/noticiasregionais.com.br\/?p=2552"},"modified":"2024-04-09T14:07:05","modified_gmt":"2024-04-09T17:07:05","slug":"quatro-bolivianos-sao-presos-em-ourinhos-com-19-tijolos-de-cocaina","status":"publish","type":"post","link":"https:\/\/noticiasregionais.com.br\/?p=2552","title":{"rendered":"Quatro bolivianos s\u00e3o presos em Ourinhos com 19 tijolos de coca\u00edna"},"content":{"rendered":"\n<p>Na noite de segunda-feira (8), a For\u00e7a T\u00e1tica da Pol\u00edcia Militar de Ourinhos prendeu quatro bolivianos que transportavam 19 tijolos de coca\u00edna em um \u00f4nibus interestadual. A a\u00e7\u00e3o aconteceu durante patrulhamento na Rodovia Eng. Jo\u00e3o Batista Cabral Renno, em Santa Cruz do Rio Pardo.<\/p>\n\n\n\n<p>Duas mulheres bolivianas, L.N.V.R e A.J.M.E., chamaram a aten\u00e7\u00e3o dos policiais ao embarcarem rapidamente no \u00f4nibus. Uma revista no ve\u00edculo encontrou seis tijolos de coca\u00edna escondidos nas poltronas ocupadas por elas.<\/p>\n\n\n\n<p>Um casal boliviano, W.T.S. e R.C.R., que viajava \u00e0 frente das mulheres, tamb\u00e9m transportava 7 tijolos da droga. William assumiu a responsabilidade pelo transporte, enquanto Ruth alegou desconhecer a presen\u00e7a da subst\u00e2ncia em sua poltrona.<\/p>\n\n\n\n<p>Um terceiro suspeito, C.A.A.A., foi encontrado em outra poltrona com mais seis tijolos de coca\u00edna.<\/p>\n\n\n\n<p>Os quatro bolivianos negaram envolvimento com o tr\u00e1fico, mas informaram que a droga saiu da cidade boliviana de Puerto Quijarro e tinha como destino final o Rio de Janeiro.<\/p>\n\n\n\n<p>Devido ao risco de fuga, William e Carlos foram algemados durante a deten\u00e7\u00e3o. Todos os envolvidos e a droga foram levados \u00e0 Delegacia da Pol\u00edcia Federal de Mar\u00edlia.<\/p>\n<input type=\"hidden\" id=\"baseurl\" value=\"https:\/\/noticiasregionais.com.br\"><input type=\"hidden\" id=\"audio_nonce\" value=\"d7ad76df66\">","protected":false},"excerpt":{"rendered":"<p>Na noite de segunda-feira (8), a For\u00e7a T\u00e1tica da Pol\u00edcia Militar de Ourinhos prendeu quatro bolivianos que transportavam 19 tijolos&hellip;<\/p>\n","protected":false},"author":1,"featured_media":2553,"comment_status":"closed","ping_status":"open","sticky":false,"template":"","format":"standard","meta":{"sfsi_plus_gutenberg_text_before_share":"","sfsi_plus_gutenberg_show_text_before_share":"","sfsi_plus_gutenberg_icon_type":"","sfsi_plus_gutenberg_icon_alignemt":"","sfsi_plus_gutenburg_max_per_row":"","footnotes":""},"categories":[6,12,1],"tags":[],"class_list":["post-2552","post","type-post","status-publish","format-standard","has-post-thumbnail","hentry","category-sao_paulo","category-capa","category-noticias"],"_links":{"self":[{"href":"https:\/\/noticiasregionais.com.br\/index.php?rest_route=\/wp\/v2\/posts\/2552","targetHints":{"allow":["GET"]}}],"collection":[{"href":"https:\/\/noticiasregionais.com.br\/index.php?rest_route=\/wp\/v2\/posts"}],"about":[{"href":"https:\/\/noticiasregionais.com.br\/index.php?rest_route=\/wp\/v2\/types\/post"}],"author":[{"embeddable":true,"href":"https:\/\/noticiasregionais.com.br\/index.php?rest_route=\/wp\/v2\/users\/1"}],"replies":[{"embeddable":true,"href":"https:\/\/noticiasregionais.com.br\/index.php?rest_route=%2Fwp%2Fv2%2Fcomments&post=2552"}],"version-history":[{"count":1,"href":"https:\/\/noticiasregionais.com.br\/index.php?rest_route=\/wp\/v2\/posts\/2552\/revisions"}],"predecessor-version":[{"id":2554,"href":"https:\/\/noticiasregionais.com.br\/index.php?rest_route=\/wp\/v2\/posts\/2552\/revisions\/2554"}],"wp:featuredmedia":[{"embeddable":true,"href":"https:\/\/noticiasregionais.com.br\/index.php?rest_route=\/wp\/v2\/media\/2553"}],"wp:attachment":[{"href":"https:\/\/noticiasregionais.com.br\/index.php?rest_route=%2Fwp%2Fv2%2Fmedia&parent=2552"}],"wp:term":[{"taxonomy":"category","embeddable":true,"href":"https:\/\/noticiasregionais.com.br\/index.php?rest_route=%2Fwp%2Fv2%2Fcategories&post=2552"},{"taxonomy":"post_tag","embeddable":true,"href":"https:\/\/noticiasregionais.com.br\/index.php?rest_route=%2Fwp%2Fv2%2Ftags&post=2552"}],"curies":[{"name":"wp","href":"https:\/\/api.w.org\/{rel}","templated":true}]}}