{"id":2555,"date":"2024-04-09T14:09:32","date_gmt":"2024-04-09T17:09:32","guid":{"rendered":"https:\/\/noticiasregionais.com.br\/?p=2555"},"modified":"2024-04-09T14:09:35","modified_gmt":"2024-04-09T17:09:35","slug":"biologo-richard-rasmussen-participara-de-dia-especial-no-antigo-canil-da-adao","status":"publish","type":"post","link":"https:\/\/noticiasregionais.com.br\/?p=2555","title":{"rendered":"Bi\u00f3logo Richard Rasmussen participar\u00e1 de dia especial no Antigo Canil da ADAO"},"content":{"rendered":"\n<p>O Canil Gaiola Aberta em parceria com o Fundo Social de Solidariedade de Ourinhos far\u00e3o um dia especial voltado a comunidade. No dia 11 de maio o Canil estar\u00e1 aberto para visita\u00e7\u00e3o com um caf\u00e9 da manh\u00e3 especial.<\/p>\n\n\n\n<p>O evento contar\u00e1 com a participa\u00e7\u00e3o do bi\u00f3logo Richard Rasmussen. Richard \u00e9 bi\u00f3logo e apresentador de TV, conhecido por sua dedica\u00e7\u00e3o \u00e0 vida selvagem. Sua trajet\u00f3ria cativou o p\u00fablico de todas as idades, inspirando diversas pessoas a se interessarem pela biologia e amarem os animais.<\/p>\n\n\n\n<p>O intuito do evento \u00e9 apresentar as mudan\u00e7as realizadas no antigo Canil Municipal, tanto na infraestrutura quanto no trato com os animais. Na ocasi\u00e3o tamb\u00e9m ser\u00e1 poss\u00edvel adotar um c\u00e3ozinho dando a eles uma chance de terem uma fam\u00edlia.<\/p>\n\n\n\n<p>Venha participar desse dia especial e levar um amiguinho para casa.<\/p>\n<input type=\"hidden\" id=\"baseurl\" value=\"https:\/\/noticiasregionais.com.br\"><input type=\"hidden\" id=\"audio_nonce\" value=\"533fbb67b1\">","protected":false},"excerpt":{"rendered":"<p>O Canil Gaiola Aberta em parceria com o Fundo Social de Solidariedade de Ourinhos far\u00e3o um dia especial voltado a&hellip;<\/p>\n","protected":false},"author":1,"featured_media":2556,"comment_status":"closed","ping_status":"open","sticky":false,"template":"","format":"standard","meta":{"sfsi_plus_gutenberg_text_before_share":"","sfsi_plus_gutenberg_show_text_before_share":"","sfsi_plus_gutenberg_icon_type":"","sfsi_plus_gutenberg_icon_alignemt":"","sfsi_plus_gutenburg_max_per_row":"","footnotes":""},"categories":[5,10,1],"tags":[],"class_list":["post-2555","post","type-post","status-publish","format-standard","has-post-thumbnail","hentry","category-ourinhos","category-destaques","category-noticias"],"_links":{"self":[{"href":"https:\/\/noticiasregionais.com.br\/index.php?rest_route=\/wp\/v2\/posts\/2555","targetHints":{"allow":["GET"]}}],"collection":[{"href":"https:\/\/noticiasregionais.com.br\/index.php?rest_route=\/wp\/v2\/posts"}],"about":[{"href":"https:\/\/noticiasregionais.com.br\/index.php?rest_route=\/wp\/v2\/types\/post"}],"author":[{"embeddable":true,"href":"https:\/\/noticiasregionais.com.br\/index.php?rest_route=\/wp\/v2\/users\/1"}],"replies":[{"embeddable":true,"href":"https:\/\/noticiasregionais.com.br\/index.php?rest_route=%2Fwp%2Fv2%2Fcomments&post=2555"}],"version-history":[{"count":1,"href":"https:\/\/noticiasregionais.com.br\/index.php?rest_route=\/wp\/v2\/posts\/2555\/revisions"}],"predecessor-version":[{"id":2557,"href":"https:\/\/noticiasregionais.com.br\/index.php?rest_route=\/wp\/v2\/posts\/2555\/revisions\/2557"}],"wp:featuredmedia":[{"embeddable":true,"href":"https:\/\/noticiasregionais.com.br\/index.php?rest_route=\/wp\/v2\/media\/2556"}],"wp:attachment":[{"href":"https:\/\/noticiasregionais.com.br\/index.php?rest_route=%2Fwp%2Fv2%2Fmedia&parent=2555"}],"wp:term":[{"taxonomy":"category","embeddable":true,"href":"https:\/\/noticiasregionais.com.br\/index.php?rest_route=%2Fwp%2Fv2%2Fcategories&post=2555"},{"taxonomy":"post_tag","embeddable":true,"href":"https:\/\/noticiasregionais.com.br\/index.php?rest_route=%2Fwp%2Fv2%2Ftags&post=2555"}],"curies":[{"name":"wp","href":"https:\/\/api.w.org\/{rel}","templated":true}]}}