{"id":2558,"date":"2024-04-09T20:14:32","date_gmt":"2024-04-09T23:14:32","guid":{"rendered":"https:\/\/noticiasregionais.com.br\/?p=2558"},"modified":"2024-04-09T20:14:35","modified_gmt":"2024-04-09T23:14:35","slug":"aviao-com-cocaina-faz-pouso-forcado-em-caporanga-apos-sem-interceptado-pela-fab","status":"publish","type":"post","link":"https:\/\/noticiasregionais.com.br\/?p=2558","title":{"rendered":"Avi\u00e3o com coca\u00edna faz pouso for\u00e7ado em Caporanga ap\u00f3s sem interceptado pela FAB"},"content":{"rendered":"\n<p>Uma aeronave que transportava coca\u00edna foi interceptada pela For\u00e7a A\u00e9rea Brasileira (FAB) em opera\u00e7\u00e3o com a Pol\u00edcia Federal (PF) na manh\u00e3 desta ter\u00e7a-feira (9). O piloto precisou fazer um pouso for\u00e7ado em uma planta\u00e7\u00e3o de laranja pr\u00f3xima ao distrito de Caporanga, em Santa Cruz do Rio Pardo (SP). Com o pouso for\u00e7ado, a aeronave ficou destru\u00edda.<\/p>\n\n\n\n<p>De acordo com a FAB, a corpora\u00e7\u00e3o identificou a aeronave suspeita na fronteira do Paraguai com o Brasil, na regi\u00e3o do Mato Grosso do Sul, e deslocou as aeronaves A-29 Super Tucano e o avi\u00e3o radar E-99 da FAB para apoio \u00e0 ocorr\u00eancia.<\/p>\n\n\n\n<p>Ao ingressar no espa\u00e7o a\u00e9reo brasileiro, sem plano de voo, o avi\u00e3o passou a ser monitorado pelo Comando de Opera\u00e7\u00f5es Aeroespaciais (COMAE) e pela PF, que utilizou o helic\u00f3ptero da corpora\u00e7\u00e3o. A FAB determinou o pouso obrigat\u00f3rio da aeronave, em Londrina (PR).<\/p>\n\n\n\n<p>Segundo a FAB, os pilotos de defesa seguiram o protocolo das medidas de policiamento do espa\u00e7o a\u00e9reo brasileiro, interrogando o piloto que transportava a droga, mas n\u00e3o obtiveram resposta.<\/p>\n\n\n\n<p>Com a falta de respostas, a aeronave foi interceptada pela FAB ainda em solo paranaense, e o piloto fez um pouso for\u00e7ado para tentar fugir por terra j\u00e1 no interior do estado de SP, na regi\u00e3o de Santa Cruz do Rio Pardo, por volta das 11h10.<\/p>\n\n\n\n<p>Com a queda, o avi\u00e3o de pequeno porte partiu ao meio e parte da carga, aproximadamente meia tonelada de pasta base de coca\u00edna, ficou exposta pelo laranjal.<\/p>\n\n\n\n<p>O suspeito, de 30 anos, ainda tentou fugir pela mata, mas foi localizado pelo helic\u00f3ptero da PF que acompanhava a ocorr\u00eancia e preso. N\u00e3o h\u00e1 informa\u00e7\u00f5es sobre seu estado de sa\u00fade.<\/p>\n\n\n\n<p>A aeronave estava com Certificado Aeronavegabilidade (CA) suspenso. O CA \u00e9 documento emitido pela Ag\u00eancia Nacional de Avia\u00e7\u00e3o Civil (Anac). Ainda segundo a FAB, a aeronave de modelo CESNA-182 estava com a matr\u00edcula clonada.<\/p>\n\n\n\n<p>Equipes da Pol\u00edcia Militar e Corpo de Bombeiros tamb\u00e9m foram acionadas para atender a ocorr\u00eancia. O local foi isolado pela Pol\u00edcia Militar para o trabalho da per\u00edcia. O suspeito foi levado pelo helic\u00f3ptero da PF para a sede da corpora\u00e7\u00e3o em Mar\u00edlia, onde a ocorr\u00eancia foi apresentada.<\/p>\n\n\n\n<p><strong><sub>fontes: IBTV \/ G1 Divulga\u00e7\u00e3o &#8211; Reportagens Renata Tiburcio<\/sub><\/strong><\/p>\n\n\n\n<figure class=\"wp-block-gallery has-nested-images columns-default is-cropped wp-block-gallery-1 is-layout-flex wp-block-gallery-is-layout-flex\">\n<figure class=\"wp-block-image size-large\"><a href=\"https:\/\/noticiasregionais.com.br\/?attachment_id=2562\"><img decoding=\"async\" width=\"1024\" height=\"1024\" data-id=\"2562\" src=\"https:\/\/noticiasregionais.com.br\/wp-content\/uploads\/2024\/04\/420496785_10233369095073465_2575346786772083018_n-1024x1024.jpg\" alt=\"\" class=\"wp-image-2562\" srcset=\"https:\/\/noticiasregionais.com.br\/wp-content\/uploads\/2024\/04\/420496785_10233369095073465_2575346786772083018_n-1024x1024.jpg 1024w, https:\/\/noticiasregionais.com.br\/wp-content\/uploads\/2024\/04\/420496785_10233369095073465_2575346786772083018_n-300x300.jpg 300w, https:\/\/noticiasregionais.com.br\/wp-content\/uploads\/2024\/04\/420496785_10233369095073465_2575346786772083018_n-150x150.jpg 150w, https:\/\/noticiasregionais.com.br\/wp-content\/uploads\/2024\/04\/420496785_10233369095073465_2575346786772083018_n-768x768.jpg 768w, https:\/\/noticiasregionais.com.br\/wp-content\/uploads\/2024\/04\/420496785_10233369095073465_2575346786772083018_n.jpg 1200w\" sizes=\"(max-width: 1024px) 100vw, 1024px\" \/><\/a><\/figure>\n\n\n\n<figure class=\"wp-block-image size-large\"><a href=\"https:\/\/noticiasregionais.com.br\/?attachment_id=2560\"><img decoding=\"async\" width=\"735\" height=\"735\" data-id=\"2560\" src=\"https:\/\/noticiasregionais.com.br\/wp-content\/uploads\/2024\/04\/434806829_10233369095113466_1507894525378888959_n.jpg\" alt=\"\" class=\"wp-image-2560\" srcset=\"https:\/\/noticiasregionais.com.br\/wp-content\/uploads\/2024\/04\/434806829_10233369095113466_1507894525378888959_n.jpg 735w, https:\/\/noticiasregionais.com.br\/wp-content\/uploads\/2024\/04\/434806829_10233369095113466_1507894525378888959_n-300x300.jpg 300w, https:\/\/noticiasregionais.com.br\/wp-content\/uploads\/2024\/04\/434806829_10233369095113466_1507894525378888959_n-150x150.jpg 150w\" sizes=\"(max-width: 735px) 100vw, 735px\" \/><\/a><\/figure>\n\n\n\n<figure class=\"wp-block-image size-large\"><a href=\"https:\/\/noticiasregionais.com.br\/?attachment_id=2561\"><img decoding=\"async\" width=\"740\" height=\"740\" data-id=\"2561\" src=\"https:\/\/noticiasregionais.com.br\/wp-content\/uploads\/2024\/04\/432957547_10233369094993463_3868181678429194767_n.jpg\" alt=\"\" class=\"wp-image-2561\" srcset=\"https:\/\/noticiasregionais.com.br\/wp-content\/uploads\/2024\/04\/432957547_10233369094993463_3868181678429194767_n.jpg 740w, https:\/\/noticiasregionais.com.br\/wp-content\/uploads\/2024\/04\/432957547_10233369094993463_3868181678429194767_n-300x300.jpg 300w, https:\/\/noticiasregionais.com.br\/wp-content\/uploads\/2024\/04\/432957547_10233369094993463_3868181678429194767_n-150x150.jpg 150w\" sizes=\"(max-width: 740px) 100vw, 740px\" \/><\/a><\/figure>\n<\/figure>\n<input type=\"hidden\" id=\"baseurl\" value=\"https:\/\/noticiasregionais.com.br\"><input type=\"hidden\" id=\"audio_nonce\" value=\"533fbb67b1\">","protected":false},"excerpt":{"rendered":"<p>Uma aeronave que transportava coca\u00edna foi interceptada pela For\u00e7a A\u00e9rea Brasileira (FAB) em opera\u00e7\u00e3o com a Pol\u00edcia Federal (PF) na&hellip;<\/p>\n","protected":false},"author":1,"featured_media":2559,"comment_status":"closed","ping_status":"open","sticky":false,"template":"","format":"standard","meta":{"sfsi_plus_gutenberg_text_before_share":"","sfsi_plus_gutenberg_show_text_before_share":"","sfsi_plus_gutenberg_icon_type":"","sfsi_plus_gutenberg_icon_alignemt":"","sfsi_plus_gutenburg_max_per_row":"","footnotes":""},"categories":[6,12,1],"tags":[],"class_list":["post-2558","post","type-post","status-publish","format-standard","has-post-thumbnail","hentry","category-sao_paulo","category-capa","category-noticias"],"_links":{"self":[{"href":"https:\/\/noticiasregionais.com.br\/index.php?rest_route=\/wp\/v2\/posts\/2558","targetHints":{"allow":["GET"]}}],"collection":[{"href":"https:\/\/noticiasregionais.com.br\/index.php?rest_route=\/wp\/v2\/posts"}],"about":[{"href":"https:\/\/noticiasregionais.com.br\/index.php?rest_route=\/wp\/v2\/types\/post"}],"author":[{"embeddable":true,"href":"https:\/\/noticiasregionais.com.br\/index.php?rest_route=\/wp\/v2\/users\/1"}],"replies":[{"embeddable":true,"href":"https:\/\/noticiasregionais.com.br\/index.php?rest_route=%2Fwp%2Fv2%2Fcomments&post=2558"}],"version-history":[{"count":1,"href":"https:\/\/noticiasregionais.com.br\/index.php?rest_route=\/wp\/v2\/posts\/2558\/revisions"}],"predecessor-version":[{"id":2563,"href":"https:\/\/noticiasregionais.com.br\/index.php?rest_route=\/wp\/v2\/posts\/2558\/revisions\/2563"}],"wp:featuredmedia":[{"embeddable":true,"href":"https:\/\/noticiasregionais.com.br\/index.php?rest_route=\/wp\/v2\/media\/2559"}],"wp:attachment":[{"href":"https:\/\/noticiasregionais.com.br\/index.php?rest_route=%2Fwp%2Fv2%2Fmedia&parent=2558"}],"wp:term":[{"taxonomy":"category","embeddable":true,"href":"https:\/\/noticiasregionais.com.br\/index.php?rest_route=%2Fwp%2Fv2%2Fcategories&post=2558"},{"taxonomy":"post_tag","embeddable":true,"href":"https:\/\/noticiasregionais.com.br\/index.php?rest_route=%2Fwp%2Fv2%2Ftags&post=2558"}],"curies":[{"name":"wp","href":"https:\/\/api.w.org\/{rel}","templated":true}]}}