{"id":256,"date":"2023-09-06T14:42:34","date_gmt":"2023-09-06T17:42:34","guid":{"rendered":"https:\/\/noticiasregionais.com.br\/?p=256"},"modified":"2023-09-06T14:42:34","modified_gmt":"2023-09-06T17:42:34","slug":"vereadora-solicita-o-cumprimento-da-lei-que-determina-a-divulgacao-dos-medicamentos-disponiveis-na-rede-municipal-em-ourinhos","status":"publish","type":"post","link":"https:\/\/noticiasregionais.com.br\/?p=256","title":{"rendered":"Vereadora solicita o cumprimento da lei que determina a divulga\u00e7\u00e3o dos medicamentos dispon\u00edveis na rede municipal em Ourinhos"},"content":{"rendered":"\n<p>Durante a 29\u00aa Sess\u00e3o Ordin\u00e1ria, a vereadora Roberta do Enfrente! colocou em destaque o Requerimento n\u00ba1366\/2023, que solicita informa\u00e7\u00f5es sobre o cumprimento da Lei Municipal n\u00ba 6.157 de 2014, que autoriza o Executivo Municipal divulgar a rela\u00e7\u00e3o de medicamentos colocados \u00e0 disposi\u00e7\u00e3o da popula\u00e7\u00e3o.<\/p>\n\n\n\n<p>\u201cEste Requerimento n\u00e3o \u00e9 uma reitera\u00e7\u00e3o, mas j\u00e1 pedimos duas vezes essas informa\u00e7\u00f5es. Em abril de 2022, a resposta do Secret\u00e1rio de Sa\u00fade da \u00e9poca foi que haveria a aquisi\u00e7\u00e3o de um software de gest\u00e3o de sa\u00fade e que geraria mais informa\u00e7\u00f5es. Em junho, j\u00e1 outro Secret\u00e1rio na pasta, respondeu que estavam em processo de aquisi\u00e7\u00e3o de tal software que traria mais transpar\u00eancia nas informa\u00e7\u00f5es\u201d, relatou a vereadora.<\/p>\n\n\n\n<p>Roberta ressaltou que a Lei Municipal n\u00ba6157\/14 garante a publiciza\u00e7\u00e3o da rela\u00e7\u00e3o de medicamentos colocados \u00e0 disposi\u00e7\u00e3o dos mun\u00edcipes. \u201cFiz pesquisa no site e n\u00e3o encontrei a lista. Sobre a chegada de medicamentos, pelo que constatei, s\u00f3 est\u00e1 dispon\u00edvel para quem emite a receita e entrega a medica\u00e7\u00e3o\u201d.<\/p>\n\n\n\n<p>Por fim, a vereadora disse que busca saber se est\u00e1 em funcionamento o software. \u201cQueremos saber se est\u00e1 em funcionamento ou n\u00e3o. At\u00e9 o momento, a lista n\u00e3o est\u00e1 dispon\u00edvel para a popula\u00e7\u00e3o\u201d.<\/p>\n<input type=\"hidden\" id=\"baseurl\" value=\"https:\/\/noticiasregionais.com.br\"><input type=\"hidden\" id=\"audio_nonce\" value=\"533fbb67b1\">","protected":false},"excerpt":{"rendered":"<p>Durante a 29\u00aa Sess\u00e3o Ordin\u00e1ria, a vereadora Roberta do Enfrente! colocou em destaque o Requerimento n\u00ba1366\/2023, que solicita informa\u00e7\u00f5es sobre&hellip;<\/p>\n","protected":false},"author":1,"featured_media":257,"comment_status":"closed","ping_status":"open","sticky":false,"template":"","format":"standard","meta":{"sfsi_plus_gutenberg_text_before_share":"","sfsi_plus_gutenberg_show_text_before_share":"","sfsi_plus_gutenberg_icon_type":"","sfsi_plus_gutenberg_icon_alignemt":"","sfsi_plus_gutenburg_max_per_row":"","footnotes":""},"categories":[10,1,5],"tags":[],"class_list":["post-256","post","type-post","status-publish","format-standard","has-post-thumbnail","hentry","category-destaques","category-noticias","category-ourinhos"],"_links":{"self":[{"href":"https:\/\/noticiasregionais.com.br\/index.php?rest_route=\/wp\/v2\/posts\/256","targetHints":{"allow":["GET"]}}],"collection":[{"href":"https:\/\/noticiasregionais.com.br\/index.php?rest_route=\/wp\/v2\/posts"}],"about":[{"href":"https:\/\/noticiasregionais.com.br\/index.php?rest_route=\/wp\/v2\/types\/post"}],"author":[{"embeddable":true,"href":"https:\/\/noticiasregionais.com.br\/index.php?rest_route=\/wp\/v2\/users\/1"}],"replies":[{"embeddable":true,"href":"https:\/\/noticiasregionais.com.br\/index.php?rest_route=%2Fwp%2Fv2%2Fcomments&post=256"}],"version-history":[{"count":1,"href":"https:\/\/noticiasregionais.com.br\/index.php?rest_route=\/wp\/v2\/posts\/256\/revisions"}],"predecessor-version":[{"id":258,"href":"https:\/\/noticiasregionais.com.br\/index.php?rest_route=\/wp\/v2\/posts\/256\/revisions\/258"}],"wp:featuredmedia":[{"embeddable":true,"href":"https:\/\/noticiasregionais.com.br\/index.php?rest_route=\/wp\/v2\/media\/257"}],"wp:attachment":[{"href":"https:\/\/noticiasregionais.com.br\/index.php?rest_route=%2Fwp%2Fv2%2Fmedia&parent=256"}],"wp:term":[{"taxonomy":"category","embeddable":true,"href":"https:\/\/noticiasregionais.com.br\/index.php?rest_route=%2Fwp%2Fv2%2Fcategories&post=256"},{"taxonomy":"post_tag","embeddable":true,"href":"https:\/\/noticiasregionais.com.br\/index.php?rest_route=%2Fwp%2Fv2%2Ftags&post=256"}],"curies":[{"name":"wp","href":"https:\/\/api.w.org\/{rel}","templated":true}]}}