{"id":2564,"date":"2024-04-11T08:07:02","date_gmt":"2024-04-11T11:07:02","guid":{"rendered":"https:\/\/noticiasregionais.com.br\/?p=2564"},"modified":"2024-04-11T08:07:04","modified_gmt":"2024-04-11T11:07:04","slug":"pm-ambiental-resgata-mais-de-500-animais-silvestres-em-itapevi","status":"publish","type":"post","link":"https:\/\/noticiasregionais.com.br\/?p=2564","title":{"rendered":"PM Ambiental resgata mais de 500 animais silvestres em Itapevi"},"content":{"rendered":"\n<p class=\"has-text-align-center\"><strong>Suspeito, preso em flagrante, foi localizado ap\u00f3s den\u00fancias<\/strong><\/p>\n\n\n\n<p>A Pol\u00edcia Militar Ambiental prendeu, em flagrante, um homem com mais de 500 esp\u00e9cies de animais silvestres, na segunda-feira (8), em Itapevi, Grande S\u00e3o Paulo. P\u00e1ssaros, iguanas, c\u00e1gados e jabutis eram mantidos em situa\u00e7\u00e3o prec\u00e1ria.<\/p>\n\n\n\n<p>Os PMs receberam den\u00fancias que apontavam o tr\u00e1fico de animais na regi\u00e3o, e no local, abordaram um carro suspeito. Com o motorista havia 528 esp\u00e9cimes.<\/p>\n\n\n\n<p>O suspeito mantinha 350 p\u00e1ssaros (alguns em extin\u00e7\u00e3o), 50 iguanas, 15 tartarugas-tigre-d\u2019\u00e1gua e 111 jabutis. Entre os animais, 17 j\u00e1 estavam mortos devido a condi\u00e7\u00e3o prec\u00e1ria em que eram mantidos.<\/p>\n\n\n\n<p>O caso foi registrado no plant\u00e3o da Delegacia de Itapevi. As esp\u00e9cies resgatadas est\u00e3o aos cuidados do Centro de Triagem e Recupera\u00e7\u00e3o de Animais Silvestres (CETRAS-SP).<\/p>\n\n\n\n<p>Opera\u00e7\u00e3o conjunta entre PM Ambiental e PF na capital<\/p>\n\n\n\n<p>A Pol\u00edcia Militar Ambiental e a Pol\u00edcia Federal atuaram juntas em opera\u00e7\u00f5es de resgate a animais sujeitos ao tr\u00e1fico internacional. As equipes encontraram na zona sul e na zona norte mais de 50 animais ex\u00f3ticos, dois homens foram presos.<\/p>\n\n\n\n<p>Diversas esp\u00e9cies de cobras, c\u00e1gados, jacar\u00e9s, jabutis e escorpi\u00f5es estavam entre os animais resgatados. Os acusados foram multados em mais de R$ 360 mil ao todo. As apreens\u00f5es somam mais de R$10 mil. O caso foi registrado na sede da Pol\u00edcia Federal.<\/p>\n\n\n\n<figure class=\"wp-block-image size-large\"><img decoding=\"async\" width=\"997\" height=\"1024\" src=\"https:\/\/noticiasregionais.com.br\/wp-content\/uploads\/2024\/04\/00053986-e1712793411858-997x1024.jpg\" alt=\"\" class=\"wp-image-2566\" srcset=\"https:\/\/noticiasregionais.com.br\/wp-content\/uploads\/2024\/04\/00053986-e1712793411858-997x1024.jpg 997w, https:\/\/noticiasregionais.com.br\/wp-content\/uploads\/2024\/04\/00053986-e1712793411858-292x300.jpg 292w, https:\/\/noticiasregionais.com.br\/wp-content\/uploads\/2024\/04\/00053986-e1712793411858-768x788.jpg 768w, https:\/\/noticiasregionais.com.br\/wp-content\/uploads\/2024\/04\/00053986-e1712793411858.jpg 1200w\" sizes=\"(max-width: 997px) 100vw, 997px\" \/><\/figure>\n<input type=\"hidden\" id=\"baseurl\" value=\"https:\/\/noticiasregionais.com.br\"><input type=\"hidden\" id=\"audio_nonce\" value=\"533fbb67b1\">","protected":false},"excerpt":{"rendered":"<p>Suspeito, preso em flagrante, foi localizado ap\u00f3s den\u00fancias A Pol\u00edcia Militar Ambiental prendeu, em flagrante, um homem com mais de&hellip;<\/p>\n","protected":false},"author":1,"featured_media":2565,"comment_status":"closed","ping_status":"open","sticky":false,"template":"","format":"standard","meta":{"sfsi_plus_gutenberg_text_before_share":"","sfsi_plus_gutenberg_show_text_before_share":"","sfsi_plus_gutenberg_icon_type":"","sfsi_plus_gutenberg_icon_alignemt":"","sfsi_plus_gutenburg_max_per_row":"","footnotes":""},"categories":[6,10,1],"tags":[],"class_list":["post-2564","post","type-post","status-publish","format-standard","has-post-thumbnail","hentry","category-sao_paulo","category-destaques","category-noticias"],"_links":{"self":[{"href":"https:\/\/noticiasregionais.com.br\/index.php?rest_route=\/wp\/v2\/posts\/2564","targetHints":{"allow":["GET"]}}],"collection":[{"href":"https:\/\/noticiasregionais.com.br\/index.php?rest_route=\/wp\/v2\/posts"}],"about":[{"href":"https:\/\/noticiasregionais.com.br\/index.php?rest_route=\/wp\/v2\/types\/post"}],"author":[{"embeddable":true,"href":"https:\/\/noticiasregionais.com.br\/index.php?rest_route=\/wp\/v2\/users\/1"}],"replies":[{"embeddable":true,"href":"https:\/\/noticiasregionais.com.br\/index.php?rest_route=%2Fwp%2Fv2%2Fcomments&post=2564"}],"version-history":[{"count":1,"href":"https:\/\/noticiasregionais.com.br\/index.php?rest_route=\/wp\/v2\/posts\/2564\/revisions"}],"predecessor-version":[{"id":2567,"href":"https:\/\/noticiasregionais.com.br\/index.php?rest_route=\/wp\/v2\/posts\/2564\/revisions\/2567"}],"wp:featuredmedia":[{"embeddable":true,"href":"https:\/\/noticiasregionais.com.br\/index.php?rest_route=\/wp\/v2\/media\/2565"}],"wp:attachment":[{"href":"https:\/\/noticiasregionais.com.br\/index.php?rest_route=%2Fwp%2Fv2%2Fmedia&parent=2564"}],"wp:term":[{"taxonomy":"category","embeddable":true,"href":"https:\/\/noticiasregionais.com.br\/index.php?rest_route=%2Fwp%2Fv2%2Fcategories&post=2564"},{"taxonomy":"post_tag","embeddable":true,"href":"https:\/\/noticiasregionais.com.br\/index.php?rest_route=%2Fwp%2Fv2%2Ftags&post=2564"}],"curies":[{"name":"wp","href":"https:\/\/api.w.org\/{rel}","templated":true}]}}