{"id":2578,"date":"2024-04-15T09:32:16","date_gmt":"2024-04-15T12:32:16","guid":{"rendered":"https:\/\/noticiasregionais.com.br\/?p=2578"},"modified":"2024-04-15T09:32:28","modified_gmt":"2024-04-15T12:32:28","slug":"promocao-da-ace-combinacao-perfeita-comercio-de-ourinhos-voce-fara-o-primeiro-sorteio-no-dia-27-de-maio","status":"publish","type":"post","link":"https:\/\/noticiasregionais.com.br\/?p=2578","title":{"rendered":"Promo\u00e7\u00e3o da ACE \u201cCombina\u00e7\u00e3o Perfeita Com\u00e9rcio de Ourinhos &#038; Voc\u00ea\u201d far\u00e1 o primeiro sorteio no dia 27 de maio"},"content":{"rendered":"\n<p class=\"has-text-align-center\"><strong>Sucesso absoluto, a promo\u00e7\u00e3o da ACE \u201cCombina\u00e7\u00e3o Perfeita Com\u00e9rcio de Ourinhos &amp; Voc\u00ea\u201d far\u00e1 o primeiro sorteio da campanha no dia 27 de maio, \u00e0s 15 horas.<\/strong><\/p>\n\n\n\n<p>A premia\u00e7\u00e3o em dinheiro de R$ 4 mil ser\u00e1 para os clientes que comprarem nas lojas participantes durante o per\u00edodo de vendas do Dia das M\u00e3es. \u201cO valor do pr\u00eamio ser\u00e1 gasto exclusivamente nas lojas participantes. Temos dezenas de lojas, prestadores de servi\u00e7os, v\u00e1rios segmentos, que j\u00e1 aderiram \u00e0 campanha e continuamos de portas abertas para todos os empreendedores que queiram participar\u201d, ressaltou Robson Martuchi, presidente da ACE.<\/p>\n\n\n\n<p>A campanha promocional da ACE \u00e9 uma grande oportunidade de divulga\u00e7\u00e3o, fortalecimento de marca, maior visibilidade e atra\u00e7\u00e3o de clientes. Sem contar o incremento no caixa, j\u00e1 que ser\u00e3o sorteados ao longo do ano R$70 mil em pr\u00eamios, sempre em dinheiro para serem gastos nas empresas participantes\u02dc.<\/p>\n\n\n\n<p>Outra novidade da campanha \u00e9 a premia\u00e7\u00e3o para as empresas. \u201cTamb\u00e9m teremos um pr\u00eamio de R$ 4 mil para o com\u00e9rcio que tiver o cupom sorteado no primeiro pr\u00eamio\u201d, conta.<\/p>\n\n\n\n<p>Martuchi faz um convite especial aos empreendedores ourinhenses. \u201cO objetivo da promo\u00e7\u00e3o \u00e9 valorizar e desenvolver o potencial do com\u00e9rcio ourinhense. As empresas participantes ter\u00e3o um carrossel de divulga\u00e7\u00e3o de marca, sem contar que os clientes ficam satisfeitos com a possibilidade de ganhar&nbsp;os&nbsp;pr\u00eamios\u201d.<\/p>\n<input type=\"hidden\" id=\"baseurl\" value=\"https:\/\/noticiasregionais.com.br\"><input type=\"hidden\" id=\"audio_nonce\" value=\"533fbb67b1\">","protected":false},"excerpt":{"rendered":"<p>Sucesso absoluto, a promo\u00e7\u00e3o da ACE \u201cCombina\u00e7\u00e3o Perfeita Com\u00e9rcio de Ourinhos &amp; Voc\u00ea\u201d far\u00e1 o primeiro sorteio da campanha no&hellip;<\/p>\n","protected":false},"author":1,"featured_media":2579,"comment_status":"closed","ping_status":"open","sticky":false,"template":"","format":"standard","meta":{"sfsi_plus_gutenberg_text_before_share":"","sfsi_plus_gutenberg_show_text_before_share":"","sfsi_plus_gutenberg_icon_type":"","sfsi_plus_gutenberg_icon_alignemt":"","sfsi_plus_gutenburg_max_per_row":"","footnotes":""},"categories":[5,10,1],"tags":[],"class_list":["post-2578","post","type-post","status-publish","format-standard","has-post-thumbnail","hentry","category-ourinhos","category-destaques","category-noticias"],"_links":{"self":[{"href":"https:\/\/noticiasregionais.com.br\/index.php?rest_route=\/wp\/v2\/posts\/2578","targetHints":{"allow":["GET"]}}],"collection":[{"href":"https:\/\/noticiasregionais.com.br\/index.php?rest_route=\/wp\/v2\/posts"}],"about":[{"href":"https:\/\/noticiasregionais.com.br\/index.php?rest_route=\/wp\/v2\/types\/post"}],"author":[{"embeddable":true,"href":"https:\/\/noticiasregionais.com.br\/index.php?rest_route=\/wp\/v2\/users\/1"}],"replies":[{"embeddable":true,"href":"https:\/\/noticiasregionais.com.br\/index.php?rest_route=%2Fwp%2Fv2%2Fcomments&post=2578"}],"version-history":[{"count":1,"href":"https:\/\/noticiasregionais.com.br\/index.php?rest_route=\/wp\/v2\/posts\/2578\/revisions"}],"predecessor-version":[{"id":2580,"href":"https:\/\/noticiasregionais.com.br\/index.php?rest_route=\/wp\/v2\/posts\/2578\/revisions\/2580"}],"wp:featuredmedia":[{"embeddable":true,"href":"https:\/\/noticiasregionais.com.br\/index.php?rest_route=\/wp\/v2\/media\/2579"}],"wp:attachment":[{"href":"https:\/\/noticiasregionais.com.br\/index.php?rest_route=%2Fwp%2Fv2%2Fmedia&parent=2578"}],"wp:term":[{"taxonomy":"category","embeddable":true,"href":"https:\/\/noticiasregionais.com.br\/index.php?rest_route=%2Fwp%2Fv2%2Fcategories&post=2578"},{"taxonomy":"post_tag","embeddable":true,"href":"https:\/\/noticiasregionais.com.br\/index.php?rest_route=%2Fwp%2Fv2%2Ftags&post=2578"}],"curies":[{"name":"wp","href":"https:\/\/api.w.org\/{rel}","templated":true}]}}